{"id":3901,"date":"2017-09-12T15:43:01","date_gmt":"2017-09-12T13:43:01","guid":{"rendered":""},"modified":"2024-08-20T11:11:00","modified_gmt":"2024-08-20T09:11:00","slug":"primer-modelo-de-naciones-unidas-de-la-utp","status":"publish","type":"post","link":"https:\/\/vicerrectorias.utp.edu.co\/responsabilidad-social\/primer-modelo-de-naciones-unidas-de-la-utp\/","title":{"rendered":"Primer Modelo de Naciones Unidas de La UTP"},"content":{"rendered":"\n<p><span class=\"post-content__span\"> Evento de apertura al primer Modelo de Naciones Unidas de La Universidad Tecnol\u00f3gica de Pereira<\/p>\n\n\n\n<p><span class=\"post-content__span\"> <img decoding=\"async\" src=\"https:\/\/comunicaciones.utp.edu.co\/wp-content\/uploads\/sites\/2\/Evento-de-apertura-al-primer-Modelo-de-Naciones-Unidas-de-La-Universidad-Tecnologica-de-Pereira.jpg\" alt=\"Evento de apertura al primer Modelo de Naciones Unidas de La Universidad Tecnol\u00f3gica de Pereira\"><\/p>\n\n\n\n<p><span class=\"post-content__span\"> El pr\u00f3ximo mi\u00e9rcoles 13 de septiembre a las 9:00 a.m. en el Auditorio Jorge Roa, en el Marco de la creaci\u00f3n e implementaci\u00f3n del primer modelo de Naciones Unidas de la Universidad Tecnol\u00f3gica de Pereira (UTPMUN), un espacio de debate en donde los estudiantes asumen la representaci\u00f3n de un estado y defienden sus intereses respecto a una problem\u00e1tica planteada que haga parte de la agenda internacional, invitamos a todos los estudiantes y docentes de la UTP al primer Conversatorio de Apertura de inscripciones de UTPMUN, que discutir\u00e1 las realidades de nuestro pa\u00eds enfocadas al escenario internacional de la ONU.<\/p>\n\n\n\n<p><span class=\"post-content__span\"> En el conversatorio se discutir\u00e1 desde problem\u00e1ticas globales hasta locales, para esto, se cuenta con un panel de invitados y expertos en los temas que establecer\u00e1n interacci\u00f3n con los estudiantes que participar\u00e1n del evento, ellos son:<\/p>\n\n\n\n<ul class=\"wp-block-list\">\n<li>Carlos Andr\u00e9s G\u00f3mez: representante de los estudiantes ante el Consejo Superior.<\/li>\n\n\n\n<li>Arnaldo Silvio Rabolini: profesional de la l\u00ednea de Servicio Social de Ciudadan\u00eda y Democracia de la VRS Y BU. Profesional que acompa\u00f1a el proceso de UTPMUN.<\/li>\n\n\n\n<li>Carolina Cuartas: Coordinadora en movilidad de la Oficina de Relaciones Internacionales de la Universidad Tecnol\u00f3gica de Pereira.<\/li>\n\n\n\n<li>Alejandro Marulanda: Secretario General de UTPMUN 2017.<\/li>\n<\/ul>\n\n\n\n<p><span class=\"post-content__span\"> Las tem\u00e1ticas que se tratar\u00e1n durante el evento son: Proceso de paz, Post conflicto, Organizaci\u00f3n de las Naciones Unidas, Realidades Nacionales y UTPMUN.&nbsp;<\/p>\n\n\n\n<figure class=\"wp-block-image\"><img decoding=\"async\" src=\"https:\/\/comunicaciones.utp.edu.co\/wp-content\/uploads\/sites\/2\/Evento-de-apertura-al-primer-Modelo-de-Naciones-Unidas-de-La-Universidad-Tecnologica-de-Pereira-2-jpeg.jpg\" alt=\"\"\/><\/figure>\n","protected":false},"excerpt":{"rendered":"<p>Evento de apertura al primer Modelo de Naciones Unidas de La Universidad Tecnol\u00f3gica de Pereira El pr\u00f3ximo mi\u00e9rcoles 13 de [&hellip;]<\/p>\n","protected":false},"author":0,"featured_media":60232,"comment_status":"closed","ping_status":"closed","sticky":false,"template":"","format":"standard","meta":{"footnotes":""},"categories":[3],"tags":[],"class_list":["post-3901","post","type-post","status-publish","format-standard","has-post-thumbnail","hentry","category-noticias"],"_links":{"self":[{"href":"https:\/\/vicerrectorias.utp.edu.co\/responsabilidad-social\/wp-json\/wp\/v2\/posts\/3901","targetHints":{"allow":["GET"]}}],"collection":[{"href":"https:\/\/vicerrectorias.utp.edu.co\/responsabilidad-social\/wp-json\/wp\/v2\/posts"}],"about":[{"href":"https:\/\/vicerrectorias.utp.edu.co\/responsabilidad-social\/wp-json\/wp\/v2\/types\/post"}],"replies":[{"embeddable":true,"href":"https:\/\/vicerrectorias.utp.edu.co\/responsabilidad-social\/wp-json\/wp\/v2\/comments?post=3901"}],"version-history":[{"count":3,"href":"https:\/\/vicerrectorias.utp.edu.co\/responsabilidad-social\/wp-json\/wp\/v2\/posts\/3901\/revisions"}],"predecessor-version":[{"id":61244,"href":"https:\/\/vicerrectorias.utp.edu.co\/responsabilidad-social\/wp-json\/wp\/v2\/posts\/3901\/revisions\/61244"}],"wp:featuredmedia":[{"embeddable":true,"href":"https:\/\/vicerrectorias.utp.edu.co\/responsabilidad-social\/wp-json\/wp\/v2\/media\/60232"}],"wp:attachment":[{"href":"https:\/\/vicerrectorias.utp.edu.co\/responsabilidad-social\/wp-json\/wp\/v2\/media?parent=3901"}],"wp:term":[{"taxonomy":"category","embeddable":true,"href":"https:\/\/vicerrectorias.utp.edu.co\/responsabilidad-social\/wp-json\/wp\/v2\/categories?post=3901"},{"taxonomy":"post_tag","embeddable":true,"href":"https:\/\/vicerrectorias.utp.edu.co\/responsabilidad-social\/wp-json\/wp\/v2\/tags?post=3901"}],"curies":[{"name":"wp","href":"https:\/\/api.w.org\/{rel}","templated":true}]}}