{"id":3891,"date":"2017-09-08T08:13:12","date_gmt":"2017-09-08T06:13:12","guid":{"rendered":""},"modified":"2024-08-20T15:30:54","modified_gmt":"2024-08-20T13:30:54","slug":"socializacion-mega-cable-en-movimiento","status":"publish","type":"post","link":"https:\/\/vicerrectorias.utp.edu.co\/responsabilidad-social\/socializacion-mega-cable-en-movimiento\/","title":{"rendered":"Socializaci\u00f3n Mega Cable en Movimiento"},"content":{"rendered":"\n<p><span class=\"post-content__span\"> Socializaci\u00f3n Mega Cable en Movimiento<\/p>\n\n\n\n<p><span class=\"post-content__span\"> <img decoding=\"async\" src=\"https:\/\/comunicaciones.utp.edu.co\/wp-content\/uploads\/sites\/2\/Logo-Mega-Cable.jpg\" alt=\"Socializaci\u00f3n Mega Cable \"><\/p>\n\n\n\n<p><span class=\"post-content__span\"> La Alcald\u00eda de Pereira tiene el gusto de invitar a los ciudadanos a una jornada de socializaci\u00f3n del proyecto de Megacable, para resolver inquietudes ciudadanas sobre su impacto socioambiental. Este evento se llevar\u00e1 a cabo el pr\u00f3ximo lunes 11 de septiembre a las 7:00 p.m. en el sal\u00f3n 1 Magnolias del Centro de Visitantes del Jard\u00edn Bot\u00e1nico de la Universidad Tecnol\u00f3gica de Pereira.\u00a0<\/p>\n","protected":false},"excerpt":{"rendered":"<p>Socializaci\u00f3n Mega Cable en Movimiento La Alcald\u00eda de Pereira tiene el gusto de invitar a los ciudadanos a una jornada [&hellip;]<\/p>\n","protected":false},"author":0,"featured_media":60231,"comment_status":"closed","ping_status":"closed","sticky":false,"template":"","format":"standard","meta":{"footnotes":""},"categories":[3],"tags":[],"class_list":["post-3891","post","type-post","status-publish","format-standard","has-post-thumbnail","hentry","category-noticias"],"_links":{"self":[{"href":"https:\/\/vicerrectorias.utp.edu.co\/responsabilidad-social\/wp-json\/wp\/v2\/posts\/3891","targetHints":{"allow":["GET"]}}],"collection":[{"href":"https:\/\/vicerrectorias.utp.edu.co\/responsabilidad-social\/wp-json\/wp\/v2\/posts"}],"about":[{"href":"https:\/\/vicerrectorias.utp.edu.co\/responsabilidad-social\/wp-json\/wp\/v2\/types\/post"}],"replies":[{"embeddable":true,"href":"https:\/\/vicerrectorias.utp.edu.co\/responsabilidad-social\/wp-json\/wp\/v2\/comments?post=3891"}],"version-history":[{"count":3,"href":"https:\/\/vicerrectorias.utp.edu.co\/responsabilidad-social\/wp-json\/wp\/v2\/posts\/3891\/revisions"}],"predecessor-version":[{"id":61351,"href":"https:\/\/vicerrectorias.utp.edu.co\/responsabilidad-social\/wp-json\/wp\/v2\/posts\/3891\/revisions\/61351"}],"wp:featuredmedia":[{"embeddable":true,"href":"https:\/\/vicerrectorias.utp.edu.co\/responsabilidad-social\/wp-json\/wp\/v2\/media\/60231"}],"wp:attachment":[{"href":"https:\/\/vicerrectorias.utp.edu.co\/responsabilidad-social\/wp-json\/wp\/v2\/media?parent=3891"}],"wp:term":[{"taxonomy":"category","embeddable":true,"href":"https:\/\/vicerrectorias.utp.edu.co\/responsabilidad-social\/wp-json\/wp\/v2\/categories?post=3891"},{"taxonomy":"post_tag","embeddable":true,"href":"https:\/\/vicerrectorias.utp.edu.co\/responsabilidad-social\/wp-json\/wp\/v2\/tags?post=3891"}],"curies":[{"name":"wp","href":"https:\/\/api.w.org\/{rel}","templated":true}]}}