{"id":3881,"date":"2017-09-07T08:20:38","date_gmt":"2017-09-07T06:20:38","guid":{"rendered":""},"modified":"2024-08-16T14:08:09","modified_gmt":"2024-08-16T12:08:09","slug":"encuestas-complejo-acuatico","status":"publish","type":"post","link":"https:\/\/vicerrectorias.utp.edu.co\/responsabilidad-social\/encuestas-complejo-acuatico\/","title":{"rendered":"Encuestas complejo acu\u00e1tico"},"content":{"rendered":"\n<p><span class=\"post-content__span\"> Encuestas complejo acu\u00e1tico<\/p>\n\n\n\n<p><span class=\"post-content__span\"> La Universidad Tecnol\u00f3gica de Pereira construye actualmente un complejo acu\u00e1tico que permitir\u00e1 a la comunidad universitaria disfrutar de servicios deportivos y de salud, por esta raz\u00f3n se invita a la comunidad universitaria dar a conocer sus intereses a trav\u00e9s de la siguiente encuesta:&nbsp;<a href=\"https:\/\/docs.google.com\/forms\/d\/e\/1FAIpQLSeSuK-gIgJkccTVILBYvPtIaVmEhmT0hiKgL7eB9-e2U02O-Q\/viewform?c=0&amp;w=1&amp;pli=1\">https:\/\/docs.google.com\/forms\/d\/e\/1FAIpQLSeSuK-gIgJkccTVILBYvPtIaVmEhmT0hiKgL7eB9-e2U02O-Q\/viewform?c=0&amp;w=1&amp;pli=1<\/a><\/p>\n","protected":false},"excerpt":{"rendered":"<p>Encuestas complejo acu\u00e1tico La Universidad Tecnol\u00f3gica de Pereira construye actualmente un complejo acu\u00e1tico que permitir\u00e1 a la comunidad universitaria disfrutar [&hellip;]<\/p>\n","protected":false},"author":0,"featured_media":60230,"comment_status":"closed","ping_status":"closed","sticky":false,"template":"","format":"standard","meta":{"footnotes":""},"categories":[3],"tags":[],"class_list":["post-3881","post","type-post","status-publish","format-standard","has-post-thumbnail","hentry","category-noticias"],"_links":{"self":[{"href":"https:\/\/vicerrectorias.utp.edu.co\/responsabilidad-social\/wp-json\/wp\/v2\/posts\/3881","targetHints":{"allow":["GET"]}}],"collection":[{"href":"https:\/\/vicerrectorias.utp.edu.co\/responsabilidad-social\/wp-json\/wp\/v2\/posts"}],"about":[{"href":"https:\/\/vicerrectorias.utp.edu.co\/responsabilidad-social\/wp-json\/wp\/v2\/types\/post"}],"replies":[{"embeddable":true,"href":"https:\/\/vicerrectorias.utp.edu.co\/responsabilidad-social\/wp-json\/wp\/v2\/comments?post=3881"}],"version-history":[{"count":2,"href":"https:\/\/vicerrectorias.utp.edu.co\/responsabilidad-social\/wp-json\/wp\/v2\/posts\/3881\/revisions"}],"predecessor-version":[{"id":60975,"href":"https:\/\/vicerrectorias.utp.edu.co\/responsabilidad-social\/wp-json\/wp\/v2\/posts\/3881\/revisions\/60975"}],"wp:featuredmedia":[{"embeddable":true,"href":"https:\/\/vicerrectorias.utp.edu.co\/responsabilidad-social\/wp-json\/wp\/v2\/media\/60230"}],"wp:attachment":[{"href":"https:\/\/vicerrectorias.utp.edu.co\/responsabilidad-social\/wp-json\/wp\/v2\/media?parent=3881"}],"wp:term":[{"taxonomy":"category","embeddable":true,"href":"https:\/\/vicerrectorias.utp.edu.co\/responsabilidad-social\/wp-json\/wp\/v2\/categories?post=3881"},{"taxonomy":"post_tag","embeddable":true,"href":"https:\/\/vicerrectorias.utp.edu.co\/responsabilidad-social\/wp-json\/wp\/v2\/tags?post=3881"}],"curies":[{"name":"wp","href":"https:\/\/api.w.org\/{rel}","templated":true}]}}