{"id":3801,"date":"2017-08-24T13:46:06","date_gmt":"2017-08-24T11:46:06","guid":{"rendered":""},"modified":"2024-08-16T07:47:19","modified_gmt":"2024-08-16T05:47:19","slug":"comunicado-a-la-opinion-publica-utp","status":"publish","type":"post","link":"https:\/\/vicerrectorias.utp.edu.co\/responsabilidad-social\/comunicado-a-la-opinion-publica-utp\/","title":{"rendered":"Comunicado a la opini\u00f3n p\u00fablica &#8211; UTP"},"content":{"rendered":"\n<p><span class=\"post-content__span\"> Comunicado a la opini\u00f3n p\u00fablica &#8211; Universidad Tecnol\u00f3gica de Pereira<\/p>\n\n\n\n<p><span class=\"post-content__span\"> <strong>Agosto 2017.-<\/strong>&nbsp;Ante las solicitudes e inquietudes que han planteado varios estudiantes de la Universidad Tecnol\u00f3gica de Pereira en los \u00faltimos d\u00edas, la administraci\u00f3n de la instituci\u00f3n, en cabeza del rector Luis Fernando Gaviria Trujillo, quiere hacer las siguientes consideraciones:<\/p>\n\n\n\n<p><span class=\"post-content__span\"> Reiterar que ha sido voluntad de la administraci\u00f3n actual fomentar el di\u00e1logo permanente entre todos los estamentos de la universidad, cobrando mayor importancia, el estamento estudiantil. Es por ello que durante los \u00faltimos 3 a\u00f1os se han dispuesto espacios de di\u00e1logo e interlocuci\u00f3n, permaneciendo con las puertas abiertas para escuchar las peticiones estudiantiles de todas las facultades, y se propende por continuar en este ejercicio.<\/p>\n\n\n\n<p><span class=\"post-content__span\"> Hoy los estudiantes, a trav\u00e9s de las representaciones legalmente designadas,&nbsp; participan activamente en la toma de decisiones, haciendo parte de los Comit\u00e9s Curriculares, Consejos de Facultad, Consejo Acad\u00e9mico y Consejo Superior, donde se impulsa la toma de decisiones de manera colegiada.&nbsp; Para la administraci\u00f3n actual, conocer las diferentes posturas, es la \u00fanica manera de construir una comunidad para todos, es por ello que se respeta profundamente el disenso de opiniones.&nbsp;<\/p>\n\n\n\n<p><span class=\"post-content__span\"> Frente al&nbsp;<strong>Reglamento Estudiantil<\/strong>, se ha realizado un trabajo conjunto, para la revisi\u00f3n y acompa\u00f1amiento en la actualizaci\u00f3n y redacci\u00f3n del documento, en el cual han participado todos los estamentos de la Universidad: estudiantes, docentes, directivos acad\u00e9micos y administrativos.<\/p>\n\n\n\n<p><span class=\"post-content__span\"> Con relaci\u00f3n al&nbsp;<strong>proceso de reelecci\u00f3n del Rector,&nbsp;<\/strong>esta fue una decisi\u00f3n aut\u00f3noma del Consejo Superior Universitario, como m\u00e1ximo \u00f3rgano de gobierno,&nbsp;amparada en el&nbsp; Estatuto General de la Universidad y la Ley 30 de 1992, que definen que el Consejo Superior es aut\u00f3nomo para elegir al rector. Por esta raz\u00f3n, y por iniciativa de un Consejero, &nbsp;en la sesi\u00f3n del mes de agosto, se someti\u00f3 a consideraci\u00f3n dicha reelecci\u00f3n, la cual obtuvo una votaci\u00f3n final de 7 votos a favor (representantes del MEN, Gobernador, gremios&nbsp; de la producci\u00f3n, de los profesores, y de las directivas acad\u00e9micas), y una abstenci\u00f3n del representante estudiantil.<\/p>\n\n\n\n<p><span class=\"post-content__span\"> El Rector asume esta decisi\u00f3n aut\u00f3noma del Consejo Superior Universitario con humildad, la considera un voto de confianza y un reconocimiento a la gesti\u00f3n y resultados demostrados, considera que es un gran reto que quiere afrontar con la colaboraci\u00f3n de todos los estamentos universitarios, el Gobierno Nacional, y las fuerzas vivas de nuestro Departamento.&nbsp; Es importante anotar que los Decanos de las 10 Facultades, y la Asociaci\u00f3n de Docentes Universitarios (ASDO) han expresado p\u00fablicamente su respaldo a esta decisi\u00f3n.<\/p>\n\n\n\n<p><span class=\"post-content__span\"> De otro lado, los estudiantes han planteado inquietudes espec\u00edficas relacionadas con el semestre de articulaci\u00f3n, las filas para almorzar en la cafeter\u00eda El Galp\u00f3n, el Instituto de Lenguas Extranjeras- ILEX, los apoyos socioecon\u00f3micos, el bienestar estudiantil, y la matr\u00edcula cero, entre otros.&nbsp; Al respecto esta administraci\u00f3n considera que ha existido un avance importante en los temas mencionados, pero admite que es posible discutir conjuntamente acciones de mejora que sean t\u00e9cnica y financieramente viables, y que no afecten la calidad acad\u00e9mica de los programas de la Universidad.<\/p>\n\n\n\n<p><span class=\"post-content__span\"> Para mitigar la problem\u00e1tica de las largas filas en la cafeter\u00eda central, este a\u00f1o se puso al servicio de la comunidad un nuevo restaurante en el edificio 15 (CIDT). Los resultados del&nbsp;<strong>semestre de articulaci\u00f3n,&nbsp;&nbsp;<\/strong>han sido altamente satisfactorios en t\u00e9rminos de lograr la retenci\u00f3n del estudiante, seg\u00fan el seguimiento realizado<strong>;&nbsp;<\/strong>sin embargo, creemos posible que en conjunto con los estudiantes se pueda revisar este mecanismo tendiente a mejorar su implementaci\u00f3n.&nbsp; La centralizaci\u00f3n de la oferta del programa de ingl\u00e9s de la Universidad en el ILEX, ha permitido tener resultados sobresalientes en la prueba de Estado SABER.<\/p>\n\n\n\n<p><span class=\"post-content__span\"> <strong>Sobre la gratuidad de la matr\u00edcula<\/strong>, este es &nbsp;un tema que debe ser definido como pol\u00edtica de estado &nbsp;por el Gobierno Nacional, puesto que deber\u00e1 garantizar a las universidades p\u00fablicas los recursos que se recaudan por concepto de matr\u00edculas.&nbsp; En el &nbsp;presupuesto actual de funcionamiento de las universidades p\u00fablicas, el 60% son recursos de la Naci\u00f3n y el 40% son recursos propios.<\/p>\n\n\n\n<p><span class=\"post-content__span\"> En cuanto a los&nbsp;<strong>programas de bienestar para los estudiantes<\/strong>&nbsp;existen grandes avances.&nbsp; Todos los estudiantes tienen el derecho a realizar solicitudes para Bono de Alimento, Bono de Transporte y Monitor\u00eda Social, y&nbsp; durante el primer semestre del presente a\u00f1o se han entregado 5.102 apoyos socioecon\u00f3micos a 3.969 estudiantes de la Universidad.&nbsp; A trav\u00e9s del &nbsp;Programa DPS- J\u00f3venes en Acci\u00f3n,&nbsp;representado en aporte para matr\u00edcula y permanencia,&nbsp; se han gestionado y entregado a los estudiantes 2.423 apoyos que ascienden a $969. 200.000, en el primer semestre de la vigencia 2017.<\/p>\n\n\n\n<p><span class=\"post-content__span\"> En el primer semestre 2017, con el&nbsp;programa Becas Talento, la Universidad ha gestionado becas para 44 estudiantes con empresas privadas, se cuenta con un total de 36 cupos ofertados&nbsp; para el Plan Padrino (donantes, otras alcald\u00edas municipales, fundaciones y cooperativas), Todos a la Universidad: 142 estudiantes apoyados, Becas Pa\u00b4 Pepas: 613 estudiantes ingresados, 498 estudiantes son del programa Ser Pilo Paga, 121 estudiantes becados en el programa B\u00e1sicos de Ingenier\u00eda con la Gobernaci\u00f3n, y 74 estudiantes en la Universidad de Cuba apoyados con la Alcald\u00eda de Pereira.&nbsp;<\/p>\n\n\n\n<p><span class=\"post-content__span\"> La&nbsp;<strong>Casita Utepitos<\/strong>, atiende 52 ni\u00f1os y ni\u00f1as de madres estudiantes de la Universidad<strong>.&nbsp;<\/strong>El Megab\u00fas lleg\u00f3 hace un a\u00f1o a las inmediaciones del campus gracias al compromiso del Alcalde, y actualmente se adelantan gestiones para lograr descuentos con estudiantes.&nbsp;Adem\u00e1s, las&nbsp;Monitor\u00edas&nbsp;Sociales, le permiten a los estudiantes&nbsp; realizar actividades de apoyo ante las diferentes estrategias que adelanta la universidad, generando en ellos habilidades y competencias, adem\u00e1s del incentivo econ\u00f3mico.<\/p>\n\n\n\n<p><span class=\"post-content__span\"> Con respecto a temas de&nbsp;<strong>Salud y nutrici\u00f3n,<\/strong>&nbsp;se ha dado cumplimiento con las minutas diarias diferenciadas, promoci\u00f3n de estilos de vida a trav\u00e9s de la actividad f\u00edsica, autocuidado y la sana alimentaci\u00f3n.&nbsp; El suministro de alimentos cuenta con orientaci\u00f3n nutricional.&nbsp; Adicionalmente, los estudiantes cuentan con un servicio integral en promoci\u00f3n de la Salud que proporciona servicios con atenci\u00f3n prioritaria en salud f\u00edsica, oral y mental otros servicios derivados de los riesgos y caracterizaciones de la poblaci\u00f3n estudiantil (oftalmolog\u00eda, im\u00e1genes diagn\u00f3sticas, insumos, urgencias).<\/p>\n\n\n\n<p><span class=\"post-content__span\"> El&nbsp;&nbsp;<strong>Programa de Acompa\u00f1amiento Integral, PAI,<\/strong>&nbsp;se ha venido fortaleciendo y generando mayor reconocimiento entre los estudiantes y dem\u00e1s estamentos de la universidad, con estrategias de intervenci\u00f3n y acercamiento a los estudiantes para orientarlos y contribuir al objetivo de la permanencia y camino al egreso exitoso.&nbsp; A los estudiantes de primer semestre, se les realizan pruebas, que generan las alertas de atenci\u00f3n temprana, as\u00ed los profesionales del PAI pueden identificar y dar un acompa\u00f1amiento oportuno en las diferentes l\u00edneas de atenci\u00f3n biopsicosocial, socioecon\u00f3mica, acad\u00e9mica y normativa.&nbsp; Para el 2017-1 se atendieron en total 2.556 estudiantes.&nbsp;<\/p>\n\n\n\n<p><span class=\"post-content__span\"> La Universidad ha mejorado el amueblamiento para el descanso, la recreaci\u00f3n y el deporte de los estudiantes, como se evidencia en los edificios de las Facultades de Ciencias de la Salud y Qu\u00edmica, y el&nbsp;<strong>M\u00f3dulo Central de Estudios<\/strong>&nbsp; que inauguraremos el pr\u00f3ximo 24 de agosto al lado de la cafeter\u00eda central ampliamente conocida como El Galp\u00f3n. Hoy la universidad cuenta con mejores instalaciones deportivas, representadas en la cancha de f\u00fatbol sint\u00e9tica, las canchas m\u00faltiples y la cancha de v\u00f3ley playa.&nbsp; Y en construcci\u00f3n el complejo de piscinas (incluyendo una semiol\u00edmpica), y dos canchas de tenis.<\/p>\n\n\n\n<p><span class=\"post-content__span\"> Creemos que en &nbsp;la&nbsp; Mesa de Trabajo sobre bienestar, constituida&nbsp; entre la administraci\u00f3n de la Universidad y los estudiantes, existe el escenario para discutir y &nbsp;acordar conjuntamente acciones de mejora en estos temas.&nbsp;<\/p>\n\n\n\n<p><span class=\"post-content__span\"> Somos una universidad p\u00fablica acreditada de alta calidad, con un campus reconocido internacionalmente, y en busca de la sostenibilidad ambiental, al servicio de todos los ciudadanos, y de nuestra comunidad universitaria.&nbsp; Existen grandes dificultades econ\u00f3micas derivadas del modelo de financiaci\u00f3n de la educaci\u00f3n superior en Colombia. No obstante, estamos trabajando con todos los estamentos de la comunidad universitaria solucionando las dificultades existentes.&nbsp;&nbsp;<strong>El di\u00e1logo y la concertaci\u00f3n<\/strong>&nbsp;hacen parte estructural de nuestra gesti\u00f3n.&nbsp;<\/p>\n","protected":false},"excerpt":{"rendered":"<p>Comunicado a la opini\u00f3n p\u00fablica &#8211; Universidad Tecnol\u00f3gica de Pereira Agosto 2017.-&nbsp;Ante las solicitudes e inquietudes que han planteado varios [&hellip;]<\/p>\n","protected":false},"author":0,"featured_media":60222,"comment_status":"closed","ping_status":"closed","sticky":false,"template":"","format":"standard","meta":{"footnotes":""},"categories":[3],"tags":[],"class_list":["post-3801","post","type-post","status-publish","format-standard","has-post-thumbnail","hentry","category-noticias"],"_links":{"self":[{"href":"https:\/\/vicerrectorias.utp.edu.co\/responsabilidad-social\/wp-json\/wp\/v2\/posts\/3801","targetHints":{"allow":["GET"]}}],"collection":[{"href":"https:\/\/vicerrectorias.utp.edu.co\/responsabilidad-social\/wp-json\/wp\/v2\/posts"}],"about":[{"href":"https:\/\/vicerrectorias.utp.edu.co\/responsabilidad-social\/wp-json\/wp\/v2\/types\/post"}],"replies":[{"embeddable":true,"href":"https:\/\/vicerrectorias.utp.edu.co\/responsabilidad-social\/wp-json\/wp\/v2\/comments?post=3801"}],"version-history":[{"count":2,"href":"https:\/\/vicerrectorias.utp.edu.co\/responsabilidad-social\/wp-json\/wp\/v2\/posts\/3801\/revisions"}],"predecessor-version":[{"id":60831,"href":"https:\/\/vicerrectorias.utp.edu.co\/responsabilidad-social\/wp-json\/wp\/v2\/posts\/3801\/revisions\/60831"}],"wp:featuredmedia":[{"embeddable":true,"href":"https:\/\/vicerrectorias.utp.edu.co\/responsabilidad-social\/wp-json\/wp\/v2\/media\/60222"}],"wp:attachment":[{"href":"https:\/\/vicerrectorias.utp.edu.co\/responsabilidad-social\/wp-json\/wp\/v2\/media?parent=3801"}],"wp:term":[{"taxonomy":"category","embeddable":true,"href":"https:\/\/vicerrectorias.utp.edu.co\/responsabilidad-social\/wp-json\/wp\/v2\/categories?post=3801"},{"taxonomy":"post_tag","embeddable":true,"href":"https:\/\/vicerrectorias.utp.edu.co\/responsabilidad-social\/wp-json\/wp\/v2\/tags?post=3801"}],"curies":[{"name":"wp","href":"https:\/\/api.w.org\/{rel}","templated":true}]}}