{"id":3791,"date":"2017-08-23T14:49:28","date_gmt":"2017-08-23T12:49:28","guid":{"rendered":""},"modified":"2024-08-16T07:53:53","modified_gmt":"2024-08-16T05:53:53","slug":"comunicado-n-001-del-consejo-academico-utp","status":"publish","type":"post","link":"https:\/\/vicerrectorias.utp.edu.co\/responsabilidad-social\/comunicado-n-001-del-consejo-academico-utp\/","title":{"rendered":"Comunicado N. 001 del Consejo Acad\u00e9mico UTP"},"content":{"rendered":"\n<p><span class=\"post-content__span\"> Comunicado N. 001 del Consejo Acad\u00e9mico UTP<\/p>\n\n\n\n<p><span class=\"post-content__span\"> EL CONSEJO ACAD\u00c9MICO DE LA UNIVERSIDAD TECNOL\u00d3GICA DE PEREIRA,<\/p>\n\n\n\n<p><span class=\"post-content__span\"> Reunido el d\u00eda de ayer martes 22 de agosto de 2017, teniendo en cuenta el desarrollo de los eventos programados para los d\u00edas jueves 24 y viernes 25 de agosto de 2017, determin\u00f3 que no habr\u00e1 clases en los programas de pregrado durante estos dos d\u00edas.<\/p>\n\n\n\n<p><span class=\"post-content__span\"> Pereira, 23 de agosto de 2017.<\/p>\n\n\n\n<p><span class=\"post-content__span\"> LUIS FERNANDO GAVIRIA TRUJILLO<\/p>\n\n\n\n<p><span class=\"post-content__span\"> Presidente<\/p>\n\n\n\n<p><span class=\"post-content__span\"> LILIANA ARDILA G\u00d3MEZ.<\/p>\n\n\n\n<p><span class=\"post-content__span\"> Secretaria<\/p>\n","protected":false},"excerpt":{"rendered":"<p>Comunicado N. 001 del Consejo Acad\u00e9mico UTP EL CONSEJO ACAD\u00c9MICO DE LA UNIVERSIDAD TECNOL\u00d3GICA DE PEREIRA, Reunido el d\u00eda de [&hellip;]<\/p>\n","protected":false},"author":0,"featured_media":60221,"comment_status":"closed","ping_status":"closed","sticky":false,"template":"","format":"standard","meta":{"footnotes":""},"categories":[3],"tags":[],"class_list":["post-3791","post","type-post","status-publish","format-standard","has-post-thumbnail","hentry","category-noticias"],"_links":{"self":[{"href":"https:\/\/vicerrectorias.utp.edu.co\/responsabilidad-social\/wp-json\/wp\/v2\/posts\/3791","targetHints":{"allow":["GET"]}}],"collection":[{"href":"https:\/\/vicerrectorias.utp.edu.co\/responsabilidad-social\/wp-json\/wp\/v2\/posts"}],"about":[{"href":"https:\/\/vicerrectorias.utp.edu.co\/responsabilidad-social\/wp-json\/wp\/v2\/types\/post"}],"replies":[{"embeddable":true,"href":"https:\/\/vicerrectorias.utp.edu.co\/responsabilidad-social\/wp-json\/wp\/v2\/comments?post=3791"}],"version-history":[{"count":2,"href":"https:\/\/vicerrectorias.utp.edu.co\/responsabilidad-social\/wp-json\/wp\/v2\/posts\/3791\/revisions"}],"predecessor-version":[{"id":60837,"href":"https:\/\/vicerrectorias.utp.edu.co\/responsabilidad-social\/wp-json\/wp\/v2\/posts\/3791\/revisions\/60837"}],"wp:featuredmedia":[{"embeddable":true,"href":"https:\/\/vicerrectorias.utp.edu.co\/responsabilidad-social\/wp-json\/wp\/v2\/media\/60221"}],"wp:attachment":[{"href":"https:\/\/vicerrectorias.utp.edu.co\/responsabilidad-social\/wp-json\/wp\/v2\/media?parent=3791"}],"wp:term":[{"taxonomy":"category","embeddable":true,"href":"https:\/\/vicerrectorias.utp.edu.co\/responsabilidad-social\/wp-json\/wp\/v2\/categories?post=3791"},{"taxonomy":"post_tag","embeddable":true,"href":"https:\/\/vicerrectorias.utp.edu.co\/responsabilidad-social\/wp-json\/wp\/v2\/tags?post=3791"}],"curies":[{"name":"wp","href":"https:\/\/api.w.org\/{rel}","templated":true}]}}