{"id":3781,"date":"2017-08-23T09:59:40","date_gmt":"2017-08-23T07:59:40","guid":{"rendered":""},"modified":"2024-08-20T13:43:52","modified_gmt":"2024-08-20T11:43:52","slug":"resultados-estudio-carga-turistica-de-las-islas","status":"publish","type":"post","link":"https:\/\/vicerrectorias.utp.edu.co\/responsabilidad-social\/resultados-estudio-carga-turistica-de-las-islas\/","title":{"rendered":"Resultados estudio carga tur\u00edstica de las islas"},"content":{"rendered":"\n<p><span class=\"post-content__span\"> La UTP presenta los resultados del estudio de capacidad de carga tur\u00edstica de Providencia y Santa Catalina Islas<\/p>\n\n\n\n<p><span class=\"post-content__span\"> <img decoding=\"async\" alt=\"La UTP presenta los resultados del estudio de capacidad de carga tur\u00edstica de Providencia y Santa Catalina Islas\" src=\"https:\/\/comunicaciones.utp.edu.co\/wp-content\/uploads\/sites\/2\/san-andres.jpg\">En evento realizado en la Isla de Providencia, la Universidad Tecnol\u00f3gica de Pereira present\u00f3 ante las autoridades municipales, los empresarios del turismo y la comunidad raizal los resultados del estudio de capacidad de carga&nbsp; tur\u00edstica de Providencia y Santa Catalina islas. Este se constituye en uno de los primeros y m\u00e1s importantes aportes del Programa de Administraci\u00f3n del Turismo a la planificaci\u00f3n gesti\u00f3n del turismo sostenible en el pa\u00eds.<\/p>\n\n\n\n<p><span class=\"post-content__span\"> Las condiciones ambientales de las islas de Providencia y Santa Catalina generan una oferta de atractivos naturales y socioculturales excepcionales para visitantes que desean disfrutar lo exclusivo de un territorio insular: sol, playa, paisajes, mares someros con la riqueza propia de los ambientes coralinos, ligados a las tradiciones culturales de la poblaci\u00f3n nativa, rica en costumbres centenarias cargadas de historias y leyendas. Todo esto en una porci\u00f3n del caribe colombiano declarado por la UNESCO como Reserva de la Bi\u00f3sfera \u201cSea Flower\u201d.<\/p>\n\n\n\n<p><span class=\"post-content__span\"> Durante una consulta previa realizada con motivo del proyecto de ampliaci\u00f3n del Aeropuerto El Embrujo, la poblaci\u00f3n raizal de Providencia y Santa Catalina&nbsp; demand\u00f3, &nbsp;a la Aeron\u00e1utica Civil, la elaboraci\u00f3n de un estudio de capacidad de carga, ante la preocupaci\u00f3n por &nbsp;conservar el patrimonio natural y salvaguardar el patrimonio cultural de este territorio, y consolidarlo como un destino de turismo sostenible.<\/p>\n\n\n\n<p><span class=\"post-content__span\"> El estudio de capacidad de carga tur\u00edstica fue elaborado por&nbsp; miembros del Grupo de Investigaci\u00f3n en Turismo Sostenible, de &nbsp;la Universidad Tecnol\u00f3gica de Pereira, &nbsp;entre diciembre de 2016 y junio de 2017, a trav\u00e9s del Contrato Interadministrativo No. 1417 suscrito entre la Universidad y el municipio de Providencia y Santa Catalina. Este estudio hizo parte de los alcances del Convenio Interadministrativo No. 16000460-H3-2016 firmado entre el municipio de Providencia y Santa Catalina Islas y la Aeron\u00e1utica Civil, en cumplimiento de los compromisos adquiridos durante la consulta previa.<\/p>\n\n\n\n<p><span class=\"post-content__span\"> La Administraci\u00f3n Municipal y los actores del sector tur\u00edstico de las islas, reconocen que los resultados el estudio&nbsp; deben constituirse en un instrumento de toma de decisiones que oriente la gesti\u00f3n participativa en la planificaci\u00f3n, promoci\u00f3n y prestaci\u00f3n de servicios tur\u00edsticos en esa excepcional zona de Colombia.<\/p>\n\n\n\n<p><span class=\"post-content__span\"> Entre los alcances del contrato UTP Alcald\u00eda, adem\u00e1s de la terminaci\u00f3n de la capacidad de carga,&nbsp; se incluy\u00f3 la identificaci\u00f3n y evaluaci\u00f3n de impactos por el turismo, la definici\u00f3n de unos lineamientos de manejo y el dise\u00f1o de un plan de monitoreo.<\/p>\n","protected":false},"excerpt":{"rendered":"<p>La UTP presenta los resultados del estudio de capacidad de carga tur\u00edstica de Providencia y Santa Catalina Islas En evento [&hellip;]<\/p>\n","protected":false},"author":0,"featured_media":60220,"comment_status":"closed","ping_status":"closed","sticky":false,"template":"","format":"standard","meta":{"footnotes":""},"categories":[3],"tags":[],"class_list":["post-3781","post","type-post","status-publish","format-standard","has-post-thumbnail","hentry","category-noticias"],"_links":{"self":[{"href":"https:\/\/vicerrectorias.utp.edu.co\/responsabilidad-social\/wp-json\/wp\/v2\/posts\/3781","targetHints":{"allow":["GET"]}}],"collection":[{"href":"https:\/\/vicerrectorias.utp.edu.co\/responsabilidad-social\/wp-json\/wp\/v2\/posts"}],"about":[{"href":"https:\/\/vicerrectorias.utp.edu.co\/responsabilidad-social\/wp-json\/wp\/v2\/types\/post"}],"replies":[{"embeddable":true,"href":"https:\/\/vicerrectorias.utp.edu.co\/responsabilidad-social\/wp-json\/wp\/v2\/comments?post=3781"}],"version-history":[{"count":2,"href":"https:\/\/vicerrectorias.utp.edu.co\/responsabilidad-social\/wp-json\/wp\/v2\/posts\/3781\/revisions"}],"predecessor-version":[{"id":61267,"href":"https:\/\/vicerrectorias.utp.edu.co\/responsabilidad-social\/wp-json\/wp\/v2\/posts\/3781\/revisions\/61267"}],"wp:featuredmedia":[{"embeddable":true,"href":"https:\/\/vicerrectorias.utp.edu.co\/responsabilidad-social\/wp-json\/wp\/v2\/media\/60220"}],"wp:attachment":[{"href":"https:\/\/vicerrectorias.utp.edu.co\/responsabilidad-social\/wp-json\/wp\/v2\/media?parent=3781"}],"wp:term":[{"taxonomy":"category","embeddable":true,"href":"https:\/\/vicerrectorias.utp.edu.co\/responsabilidad-social\/wp-json\/wp\/v2\/categories?post=3781"},{"taxonomy":"post_tag","embeddable":true,"href":"https:\/\/vicerrectorias.utp.edu.co\/responsabilidad-social\/wp-json\/wp\/v2\/tags?post=3781"}],"curies":[{"name":"wp","href":"https:\/\/api.w.org\/{rel}","templated":true}]}}