{"id":3751,"date":"2017-08-15T10:43:40","date_gmt":"2017-08-15T08:43:40","guid":{"rendered":""},"modified":"2024-08-16T07:51:42","modified_gmt":"2024-08-16T05:51:42","slug":"comunicado-de-vicerrectores-y-decanos-de-la-utp","status":"publish","type":"post","link":"https:\/\/vicerrectorias.utp.edu.co\/responsabilidad-social\/comunicado-de-vicerrectores-y-decanos-de-la-utp\/","title":{"rendered":"Comunicado de Vicerrectores y Decanos de la UTP"},"content":{"rendered":"\n<p><span class=\"post-content__span\"> Comunicado de los Vicerrectores y Decanos de la Universidad Tecnol\u00f3gica de Pereira a la opini\u00f3n p\u00fablica<\/p>\n\n\n\n<p><span class=\"post-content__span\"> Los cuatro Vicerrectores y los diez Decanos de las Facultades de la Universidad Tecnol\u00f3gica de Pereira, nos permitimos expresar nuestro respaldo a la reelecci\u00f3n del Dr. Luis Fernando Gaviria Trujillo como Rector de la Universidad Tecnol\u00f3gica de Pereira. Es un reconocimiento a la gesti\u00f3n que ha desempe\u00f1ado como l\u00edder de esta importante Instituci\u00f3n.<\/p>\n\n\n\n<p><span class=\"post-content__span\"> Los avances de la Universidad durante su administraci\u00f3n han sido relevantes:&nbsp;<\/p>\n\n\n\n<p><span class=\"post-content__span\"> Existe hoy una innegable capacidad y experiencia en la generaci\u00f3n de procesos de investigaci\u00f3n y extensi\u00f3n con&nbsp; calidad y proyecci\u00f3n social.<\/p>\n\n\n\n<p><span class=\"post-content__span\"> Es notable una gran preocupaci\u00f3n por la calidad y conservaci\u00f3n del Campus Universitario. Adem\u00e1s del crecimiento en infraestructura, como respuesta al incremento de la poblaci\u00f3n estudiantil hay preocupaci\u00f3n por la conservaci\u00f3n y difusi\u00f3n de la Universidad como una Universidad Verde y preocupada por la conservaci\u00f3n del ambiente.<\/p>\n\n\n\n<p><span class=\"post-content__span\"> Gracias al trabajo en equipo, existe una cultura de la calidad y el mejoramiento continuo, prueba de ello son los 19 programas de pregrado y 5 de posgrado acreditados por el CNA. Adem\u00e1s, el nuevo Proyecto Educativo Institucional que fue construido con la participaci\u00f3n de toda la comunidad universitaria.<\/p>\n\n\n\n<p><span class=\"post-content__span\"> Ese ideal de calidad y&nbsp; pertinencia acad\u00e9mica se ha logrado a trav\u00e9s del di\u00e1logo y participaci\u00f3n, en escenarios incluyentes que han contribuido de manera decidida al mejoramiento del clima organizacional al interior de la Universidad.<\/p>\n\n\n\n<p><span class=\"post-content__span\"> Estamos seguros que, como Rector de la Universidad y presidente del SUE, la Universidad Tecnol\u00f3gica de Pereira ganar\u00e1 en liderazgo, reconocimiento y capacidad de gesti\u00f3n,&nbsp; para enfrentar las dificultades y los retos que tiene hoy la Universidad P\u00fablica en el escenario de la educaci\u00f3n superior en el pa\u00eds.&nbsp;<\/p>\n","protected":false},"excerpt":{"rendered":"<p>Comunicado de los Vicerrectores y Decanos de la Universidad Tecnol\u00f3gica de Pereira a la opini\u00f3n p\u00fablica Los cuatro Vicerrectores y [&hellip;]<\/p>\n","protected":false},"author":0,"featured_media":60217,"comment_status":"closed","ping_status":"closed","sticky":false,"template":"","format":"standard","meta":{"footnotes":""},"categories":[3],"tags":[],"class_list":["post-3751","post","type-post","status-publish","format-standard","has-post-thumbnail","hentry","category-noticias"],"_links":{"self":[{"href":"https:\/\/vicerrectorias.utp.edu.co\/responsabilidad-social\/wp-json\/wp\/v2\/posts\/3751","targetHints":{"allow":["GET"]}}],"collection":[{"href":"https:\/\/vicerrectorias.utp.edu.co\/responsabilidad-social\/wp-json\/wp\/v2\/posts"}],"about":[{"href":"https:\/\/vicerrectorias.utp.edu.co\/responsabilidad-social\/wp-json\/wp\/v2\/types\/post"}],"replies":[{"embeddable":true,"href":"https:\/\/vicerrectorias.utp.edu.co\/responsabilidad-social\/wp-json\/wp\/v2\/comments?post=3751"}],"version-history":[{"count":2,"href":"https:\/\/vicerrectorias.utp.edu.co\/responsabilidad-social\/wp-json\/wp\/v2\/posts\/3751\/revisions"}],"predecessor-version":[{"id":60836,"href":"https:\/\/vicerrectorias.utp.edu.co\/responsabilidad-social\/wp-json\/wp\/v2\/posts\/3751\/revisions\/60836"}],"wp:featuredmedia":[{"embeddable":true,"href":"https:\/\/vicerrectorias.utp.edu.co\/responsabilidad-social\/wp-json\/wp\/v2\/media\/60217"}],"wp:attachment":[{"href":"https:\/\/vicerrectorias.utp.edu.co\/responsabilidad-social\/wp-json\/wp\/v2\/media?parent=3751"}],"wp:term":[{"taxonomy":"category","embeddable":true,"href":"https:\/\/vicerrectorias.utp.edu.co\/responsabilidad-social\/wp-json\/wp\/v2\/categories?post=3751"},{"taxonomy":"post_tag","embeddable":true,"href":"https:\/\/vicerrectorias.utp.edu.co\/responsabilidad-social\/wp-json\/wp\/v2\/tags?post=3751"}],"curies":[{"name":"wp","href":"https:\/\/api.w.org\/{rel}","templated":true}]}}