{"id":3721,"date":"2017-08-08T16:12:48","date_gmt":"2017-08-08T14:12:48","guid":{"rendered":""},"modified":"2024-08-20T11:06:42","modified_gmt":"2024-08-20T09:06:42","slug":"pre-registro-programa-jovenes-en-accion-en-la-utp","status":"publish","type":"post","link":"https:\/\/vicerrectorias.utp.edu.co\/responsabilidad-social\/pre-registro-programa-jovenes-en-accion-en-la-utp\/","title":{"rendered":"Pre-registro Programa J\u00f3venes en Acci\u00f3n en la UTP"},"content":{"rendered":"\n<p><span class=\"post-content__span\"> Inician Jornadas de Pre-registro para el Programa J\u00f3venes en Acci\u00f3n en la UTP<\/p>\n\n\n\n<p><span class=\"post-content__span\"> <img decoding=\"async\" alt=\"Inician Jornadas de Pre-registro para el Programa J\u00f3venes en Acci\u00f3n en la UTP\" src=\"https:\/\/comunicaciones.utp.edu.co\/wp-content\/uploads\/sites\/2\/jovenes-en-accion.png\">Informaci\u00f3n del programa: J\u00f3venes en Acci\u00f3n en la UTP.<\/p>\n\n\n\n<p><span class=\"post-content__span\"> <strong>Requisitos:<\/strong><\/p>\n\n\n\n<p><span class=\"post-content__span\"> &nbsp;1. Tener entre 16 y 24 a\u00f1os<\/p>\n\n\n\n<p><span class=\"post-content__span\"> &nbsp;2. Pertenecer por lo menos a una de estas poblaciones:<\/p>\n\n\n\n<p><span class=\"post-content__span\"> * ICBF.<\/p>\n\n\n\n<p><span class=\"post-content__span\"> * Ind\u00edgenas.<\/p>\n\n\n\n<p><span class=\"post-content__span\"> * Desplazados.<\/p>\n\n\n\n<p><span class=\"post-content__span\"> * Red Unidos.<\/p>\n\n\n\n<p><span class=\"post-content__span\"> * SISBEN inferior a 54 puntos.<\/p>\n\n\n\n<p><span class=\"post-content__span\"> &nbsp;3. Estar matriculado para el segundo semestre de 2017. Tener m\u00e1ximo 4 matr\u00edculas para programas Profesionales, 3 para Programa Tecnol\u00f3gicos y 2 para Programas T\u00e9cnicos Profesionales.<\/p>\n\n\n\n<p><span class=\"post-content__span\"> &nbsp;4. No haber sido Joven en Acci\u00f3n Previamente.<\/p>\n\n\n\n<p><span class=\"post-content__span\"> &nbsp;5. No pertenecer al Programa SER PILO PAGA.<\/p>\n\n\n\n<p><span class=\"post-content__span\"> &nbsp;Si cumple con estos requisitos, ac\u00e9rquese al pasillo del edificio N\u00b03 (antes CRIE) enseguida del cajero Davivienda los pr\u00f3ximos 28 y 29 de agosto de 2017 entre las 8:00am y las 4:00pm (Jornada continua) para asistir al taller de participantes y formalizar su pre-registro.<\/p>\n\n\n\n<p><span class=\"post-content__span\"> &nbsp;<strong>Documentos:<\/strong><\/p>\n\n\n\n<p><span class=\"post-content__span\"> &nbsp;* Documento de identidad (C\u00e9dula, Tarjeta de Identidad o contrase\u00f1a) original.<\/p>\n\n\n\n<p><span class=\"post-content__span\"> * Copia del documento de identidad ampliado al 150% en formato PDF con un peso m\u00e1ximo de 512kb.<\/p>\n\n\n\n<p><span class=\"post-content__span\"> &nbsp;Cualquier duda dirigirse al bloque la Julita (detr\u00e1s de las canchas UTP) segundo piso, Oficina N\u00b02<\/p>\n\n\n\n<figure class=\"wp-block-image\"><img decoding=\"async\" src=\"https:\/\/comunicaciones.utp.edu.co\/wp-content\/uploads\/sites\/2\/volante-jovenes-agosto.jpg\" alt=\"\"\/><\/figure>\n","protected":false},"excerpt":{"rendered":"<p>Inician Jornadas de Pre-registro para el Programa J\u00f3venes en Acci\u00f3n en la UTP Informaci\u00f3n del programa: J\u00f3venes en Acci\u00f3n en [&hellip;]<\/p>\n","protected":false},"author":0,"featured_media":60214,"comment_status":"closed","ping_status":"closed","sticky":false,"template":"","format":"standard","meta":{"footnotes":""},"categories":[3],"tags":[],"class_list":["post-3721","post","type-post","status-publish","format-standard","has-post-thumbnail","hentry","category-noticias"],"_links":{"self":[{"href":"https:\/\/vicerrectorias.utp.edu.co\/responsabilidad-social\/wp-json\/wp\/v2\/posts\/3721","targetHints":{"allow":["GET"]}}],"collection":[{"href":"https:\/\/vicerrectorias.utp.edu.co\/responsabilidad-social\/wp-json\/wp\/v2\/posts"}],"about":[{"href":"https:\/\/vicerrectorias.utp.edu.co\/responsabilidad-social\/wp-json\/wp\/v2\/types\/post"}],"replies":[{"embeddable":true,"href":"https:\/\/vicerrectorias.utp.edu.co\/responsabilidad-social\/wp-json\/wp\/v2\/comments?post=3721"}],"version-history":[{"count":2,"href":"https:\/\/vicerrectorias.utp.edu.co\/responsabilidad-social\/wp-json\/wp\/v2\/posts\/3721\/revisions"}],"predecessor-version":[{"id":61238,"href":"https:\/\/vicerrectorias.utp.edu.co\/responsabilidad-social\/wp-json\/wp\/v2\/posts\/3721\/revisions\/61238"}],"wp:featuredmedia":[{"embeddable":true,"href":"https:\/\/vicerrectorias.utp.edu.co\/responsabilidad-social\/wp-json\/wp\/v2\/media\/60214"}],"wp:attachment":[{"href":"https:\/\/vicerrectorias.utp.edu.co\/responsabilidad-social\/wp-json\/wp\/v2\/media?parent=3721"}],"wp:term":[{"taxonomy":"category","embeddable":true,"href":"https:\/\/vicerrectorias.utp.edu.co\/responsabilidad-social\/wp-json\/wp\/v2\/categories?post=3721"},{"taxonomy":"post_tag","embeddable":true,"href":"https:\/\/vicerrectorias.utp.edu.co\/responsabilidad-social\/wp-json\/wp\/v2\/tags?post=3721"}],"curies":[{"name":"wp","href":"https:\/\/api.w.org\/{rel}","templated":true}]}}