{"id":3701,"date":"2017-08-03T08:10:36","date_gmt":"2017-08-03T06:10:36","guid":{"rendered":""},"modified":"2024-08-16T13:55:13","modified_gmt":"2024-08-16T11:55:13","slug":"en-grados-utp-destacado-programas-de-inclusion","status":"publish","type":"post","link":"https:\/\/vicerrectorias.utp.edu.co\/responsabilidad-social\/en-grados-utp-destacado-programas-de-inclusion\/","title":{"rendered":"En Grados UTP destacado programas de inclusi\u00f3n"},"content":{"rendered":"\n<p><span class=\"post-content__span\"> Grados UTP, un evento con proyecci\u00f3n<\/p>\n\n\n\n<p><span class=\"post-content__span\"> <strong>\u00abLa categor\u00eda de la Universidad que los grad\u00faa, es su primera carta de presentaci\u00f3n\u201d<\/strong>, mencion\u00f3 el rector, Luis Fernando Gaviria Trujillo, a los graduandos como garant\u00eda de su profesionalismo, en la ceremonia de graduaci\u00f3n celebrada este 1 de agosto.&nbsp;<\/p>\n\n\n\n<p><span class=\"post-content__span\"> El centro de Convenciones Expofuturo de Pereira&nbsp; fue el escenario donde graduandos de pregrado y posgrado de la Universidad Tecnol\u00f3gica de Pereira recibieron su t\u00edtulo de acreditaci\u00f3n como nuevos tecn\u00f3logos, profesionales, especialistas, mag\u00edsteres y doctores en diversas \u00e1reas del conocimiento.<\/p>\n\n\n\n<p><span class=\"post-content__span\"> Fueron 911 los nuevos egresados que la UTP entreg\u00f3 a la Regi\u00f3n en medio una ceremonia emotiva, en la que se destac\u00f3 la presencia de familiares y acudientes, que con su orgullo y la satisfacci\u00f3n del deber cumplido, engalanaron el centro de convenciones.<\/p>\n\n\n\n<p><span class=\"post-content__span\"> El rector Luis Fernando Gaviria Trujillo, acompa\u00f1ado del cuerpo directivo Institucional, en su discurso destac\u00f3 el proceso de mejoramiento permanente de los ejes misionales de la instituci\u00f3n como proceso que le apunta al desarrollo y sostenimiento de la calidad y el reconocimiento de la Universidad P\u00fablica de Risaralda, como una de las mejores del pa\u00eds, mencionando datos tan importantes como:<\/p>\n\n\n\n<p><span class=\"post-content__span\"> El posicionamiento excepcional de la Universidad en el campo de la investigaci\u00f3n, la sostenibilidad de sus Campus Universitario, los procesos de Regionalizaci\u00f3n con los programas de Universidades para la Paz y B\u00e1sicos de Ingenier\u00eda en los municipios de Risaralda, la creaci\u00f3n de la Facultad de Ciencias Agrarias y Agroindustriales; y con ella los programas de Ingenier\u00eda en Procesos Agroindustriales e Ingenier\u00eda en Procesos Sostenibles de la Madera,&nbsp; as\u00ed como resalt\u00f3, la graduaci\u00f3n de 35 funcionarios de la empresa de energ\u00eda del Quind\u00edo del programa de Tecnolog\u00eda El\u00e9ctrica, en el marco de una alianza interinstitucional.<\/p>\n\n\n\n<figure class=\"wp-block-image\"><img decoding=\"async\" src=\"https:\/\/vicerrectorias.utp.edu.co\/responsabilidad-social\/wp-content\/uploads\/sites\/12\/513A1905%282%29.JPG\" alt=\"\"\/><\/figure>\n\n\n\n<p><span class=\"post-content__span\"> Dentro de otras noticias positivas en este importante evento institucional, se destac\u00f3 la graduaci\u00f3n de dos estudiantes sordos de los programas de Inclusi\u00f3n para la poblaci\u00f3n con capacidades especiales y 14 del programa de sostenimiento y apoyo a la permanencia: Becas Talento, en total 16 graduados con honores de los proyectos que lidera la Vicerrector\u00eda de Responsabilidad Social y Bienestar Universitario.<\/p>\n\n\n\n<p><span class=\"post-content__span\"> De esta manera las ceremonias de graduaci\u00f3n de la UTP son eventos de Ciudad, donde se resalta la proyecci\u00f3n de la universidad como l\u00edder en el papel propositivo para hacer de Risaralda un territorio de Paz, desde su aporte a la ciencia, &nbsp;la tecnolog\u00eda y la innovaci\u00f3n.<\/p>\n","protected":false},"excerpt":{"rendered":"<p>Grados UTP, un evento con proyecci\u00f3n \u00abLa categor\u00eda de la Universidad que los grad\u00faa, es su primera carta de presentaci\u00f3n\u201d, [&hellip;]<\/p>\n","protected":false},"author":0,"featured_media":60212,"comment_status":"closed","ping_status":"closed","sticky":false,"template":"","format":"standard","meta":{"footnotes":""},"categories":[3],"tags":[],"class_list":["post-3701","post","type-post","status-publish","format-standard","has-post-thumbnail","hentry","category-noticias"],"_links":{"self":[{"href":"https:\/\/vicerrectorias.utp.edu.co\/responsabilidad-social\/wp-json\/wp\/v2\/posts\/3701","targetHints":{"allow":["GET"]}}],"collection":[{"href":"https:\/\/vicerrectorias.utp.edu.co\/responsabilidad-social\/wp-json\/wp\/v2\/posts"}],"about":[{"href":"https:\/\/vicerrectorias.utp.edu.co\/responsabilidad-social\/wp-json\/wp\/v2\/types\/post"}],"replies":[{"embeddable":true,"href":"https:\/\/vicerrectorias.utp.edu.co\/responsabilidad-social\/wp-json\/wp\/v2\/comments?post=3701"}],"version-history":[{"count":2,"href":"https:\/\/vicerrectorias.utp.edu.co\/responsabilidad-social\/wp-json\/wp\/v2\/posts\/3701\/revisions"}],"predecessor-version":[{"id":60964,"href":"https:\/\/vicerrectorias.utp.edu.co\/responsabilidad-social\/wp-json\/wp\/v2\/posts\/3701\/revisions\/60964"}],"wp:featuredmedia":[{"embeddable":true,"href":"https:\/\/vicerrectorias.utp.edu.co\/responsabilidad-social\/wp-json\/wp\/v2\/media\/60212"}],"wp:attachment":[{"href":"https:\/\/vicerrectorias.utp.edu.co\/responsabilidad-social\/wp-json\/wp\/v2\/media?parent=3701"}],"wp:term":[{"taxonomy":"category","embeddable":true,"href":"https:\/\/vicerrectorias.utp.edu.co\/responsabilidad-social\/wp-json\/wp\/v2\/categories?post=3701"},{"taxonomy":"post_tag","embeddable":true,"href":"https:\/\/vicerrectorias.utp.edu.co\/responsabilidad-social\/wp-json\/wp\/v2\/tags?post=3701"}],"curies":[{"name":"wp","href":"https:\/\/api.w.org\/{rel}","templated":true}]}}