{"id":3681,"date":"2017-07-27T11:03:32","date_gmt":"2017-07-27T09:03:32","guid":{"rendered":""},"modified":"2024-08-20T16:47:50","modified_gmt":"2024-08-20T14:47:50","slug":"utp-exalta-a-estudiantes-y-a-facultad","status":"publish","type":"post","link":"https:\/\/vicerrectorias.utp.edu.co\/responsabilidad-social\/utp-exalta-a-estudiantes-y-a-facultad\/","title":{"rendered":"UTP exalta a estudiantes y a Facultad"},"content":{"rendered":"\n<p><span class=\"post-content__span\"> UTP exalta a estudiantes y a la Facultad de Ciencias de la Salud por su participaci\u00f3n en el \u201cVoluntariado de Paz\u201d<\/p>\n\n\n\n<p><span class=\"post-content__span\"> <img decoding=\"async\" src=\"https:\/\/comunicaciones.utp.edu.co\/wp-content\/uploads\/sites\/2\/exaltacion-26.jpg\" alt=\"UTP exalta a estudiantes y a la Facultad de Ciencias de la Salud por su participaci\u00f3n en el \u201cVoluntariado de Paz\u201d\"><\/p>\n\n\n\n<p><span class=\"post-content__span\"> Por su compromiso y la labor adelantada en las Zonas Veredales Transitorias de Normalizaci\u00f3n, el Consejo Acad\u00e9mico de la Universidad Tecnol\u00f3gica de Pereira, exalt\u00f3 a 30 estudiantes de la UTP pertenecientes al Voluntariado de Paz y a la Facultad de Ciencias de la Salud.<\/p>\n\n\n\n<p><span class=\"post-content__span\"> El voluntariado es un proyecto de la Federaci\u00f3n de Estudiantes Universitarios, que promueve el deber de la paz, y en esa tarea ha brindado apoyo permanente en &nbsp;cobertura de servicios de salud, educaci\u00f3n, vivienda entre otras necesidades a las personas que se reintegraron a la vida civil.<\/p>\n\n\n\n<p><span class=\"post-content__span\"> Este grupo de estudiantes de la UTP respaldado por la Facultad de Ciencias de la Salud, ha participado de manera activa en el an\u00e1lisis y las movilizaciones para adelantar brigadas de salud, infraestructura para la potabilizaci\u00f3n del agua, lo que muestra su compromiso y lealtad en la construcci\u00f3n de la paz.<\/p>\n\n\n\n<p><span class=\"post-content__span\"> En un acto especial, este 26 de julio, el Consejo Acad\u00e9mico en un acto especial hizo entrega de la resoluci\u00f3n 09 del 21 de junio de 2017, en el que se reconoce y distingue la tarea adelantada por estos j\u00f3venes.<\/p>\n\n\n\n<p><span class=\"post-content__span\"> El acto estuvo presidido por el rector, Luis Fernando Gaviria Trujillo y el vicerrector Acad\u00e9mico, Jhonier Cardona Salazar.<\/p>\n\n\n\n<p><span class=\"post-content__span\"> <a href=\"https:\/\/www.utp.edu.co\/cms-utp\/data\/bin\/UTP\/web\/uploads\/media\/comunicaciones\/documentos\/Resolucion-No-09-Exaltacion.pdf\"><strong>Se anexa resoluci\u00f3n<\/strong><\/a><\/p>\n\n\n\n<figure class=\"wp-block-image\"><img decoding=\"async\" src=\"https:\/\/comunicaciones.utp.edu.co\/wp-content\/uploads\/sites\/2\/exa.jpg\" alt=\"\"\/><\/figure>\n","protected":false},"excerpt":{"rendered":"<p>UTP exalta a estudiantes y a la Facultad de Ciencias de la Salud por su participaci\u00f3n en el \u201cVoluntariado de [&hellip;]<\/p>\n","protected":false},"author":0,"featured_media":60210,"comment_status":"closed","ping_status":"closed","sticky":false,"template":"","format":"standard","meta":{"footnotes":""},"categories":[3],"tags":[],"class_list":["post-3681","post","type-post","status-publish","format-standard","has-post-thumbnail","hentry","category-noticias"],"_links":{"self":[{"href":"https:\/\/vicerrectorias.utp.edu.co\/responsabilidad-social\/wp-json\/wp\/v2\/posts\/3681","targetHints":{"allow":["GET"]}}],"collection":[{"href":"https:\/\/vicerrectorias.utp.edu.co\/responsabilidad-social\/wp-json\/wp\/v2\/posts"}],"about":[{"href":"https:\/\/vicerrectorias.utp.edu.co\/responsabilidad-social\/wp-json\/wp\/v2\/types\/post"}],"replies":[{"embeddable":true,"href":"https:\/\/vicerrectorias.utp.edu.co\/responsabilidad-social\/wp-json\/wp\/v2\/comments?post=3681"}],"version-history":[{"count":3,"href":"https:\/\/vicerrectorias.utp.edu.co\/responsabilidad-social\/wp-json\/wp\/v2\/posts\/3681\/revisions"}],"predecessor-version":[{"id":61375,"href":"https:\/\/vicerrectorias.utp.edu.co\/responsabilidad-social\/wp-json\/wp\/v2\/posts\/3681\/revisions\/61375"}],"wp:featuredmedia":[{"embeddable":true,"href":"https:\/\/vicerrectorias.utp.edu.co\/responsabilidad-social\/wp-json\/wp\/v2\/media\/60210"}],"wp:attachment":[{"href":"https:\/\/vicerrectorias.utp.edu.co\/responsabilidad-social\/wp-json\/wp\/v2\/media?parent=3681"}],"wp:term":[{"taxonomy":"category","embeddable":true,"href":"https:\/\/vicerrectorias.utp.edu.co\/responsabilidad-social\/wp-json\/wp\/v2\/categories?post=3681"},{"taxonomy":"post_tag","embeddable":true,"href":"https:\/\/vicerrectorias.utp.edu.co\/responsabilidad-social\/wp-json\/wp\/v2\/tags?post=3681"}],"curies":[{"name":"wp","href":"https:\/\/api.w.org\/{rel}","templated":true}]}}