{"id":3661,"date":"2017-07-24T16:51:54","date_gmt":"2017-07-24T14:51:54","guid":{"rendered":""},"modified":"2024-08-16T14:30:47","modified_gmt":"2024-08-16T12:30:47","slug":"estampilla-pro-universidades-publicas","status":"publish","type":"post","link":"https:\/\/vicerrectorias.utp.edu.co\/responsabilidad-social\/estampilla-pro-universidades-publicas\/","title":{"rendered":"Estampilla Pro-universidades p\u00fablicas"},"content":{"rendered":"\n<p><span class=\"post-content__span\"> Senador autor del proyecto de Ley Estampilla Pro-universidades p\u00fablicas de Caldas y Risaralda visita la UTP<\/p>\n\n\n\n<p><span class=\"post-content__span\"> <img decoding=\"async\" src=\"https:\/\/comunicaciones.utp.edu.co\/wp-content\/uploads\/sites\/2\/24-de-julio-Estampilla.jpg\" alt=\"Senador autor del proyecto de Ley estampilla Pro-universidades p\u00fablicas de Caldas y Risaralda visita la UTP\"><\/p>\n\n\n\n<p><span class=\"post-content__span\"> El senador Carlos Felipe Mej\u00eda, quien impuls\u00f3 la iniciativa: <strong>emisi\u00f3n de estampillas en pro de la Universidad de Caldas, Universidad Nacional sede Manizales y Universidad Tecnol\u00f3gica de Pereira<\/strong>, visit\u00f3 este lunes 24 de julio las instalaciones de nuestra Instituci\u00f3n.<\/p>\n\n\n\n<p><span class=\"post-content__span\"> En audiencia con el rector de la UTP, Dr. Luis Fernando Gaviria Trujillo, el senador Mej\u00eda explic\u00f3 la importancia del proyecto que ahora ser\u00e1 Ley de la Rep\u00fablica, el cual tiene como fin apoyar la financiaci\u00f3n de la educaci\u00f3n superior de car\u00e1cter p\u00fablico en los departamentos de Caldas y Risaralda. Con esta estampilla, las instituciones podr\u00e1n recaudar hasta 300 mil millones de pesos por departamento, por un periodo de hasta 20 a\u00f1os.<\/p>\n\n\n\n<p><span class=\"post-content__span\"> \u201cEstos recursos ir\u00e1n a las arcas de las universidades p\u00fablicas de Risaralda y de Caldas que tantas necesidades tienen por estas dificultades financieras que enfrenta la universidad p\u00fablica. Enhorabuena para los estudiantes universitarios\u201d, destac\u00f3 el Senador Carlos Felipe Mej\u00eda.<\/p>\n\n\n\n<p><span class=\"post-content__span\"> El Congresista reconoci\u00f3 el respaldo recibido por legisladores de otras colectividades que presentaron su apoyo. La administraci\u00f3n de la Universidad Tecnol\u00f3gica de Pereira celebra esta iniciativa tan importante para la educaci\u00f3n universitaria en el Eje Cafetero.<\/p>\n\n\n\n<p><span class=\"post-content__span\"> Cabe destacar que las estampillas se han considerado como tributos en la medida en que participan de la naturaleza de las contribuciones parafiscales, pues constituyen un gravamen cuyo pago obligatorio deben realizar los usuarios de algunas operaciones o actividades que se realizan frente a organismos de car\u00e1cter p\u00fablico.<\/p>\n\n\n\n<p><span class=\"post-content__span\"> Dichos recursos se revierten en beneficio de un sector espec\u00edfico y est\u00e1n destinados a sufragar gastos en que incurran las entidades que desarrollan o prestan un servicio p\u00fablico, como funci\u00f3n propia del Estado.<\/p>\n","protected":false},"excerpt":{"rendered":"<p>Senador autor del proyecto de Ley Estampilla Pro-universidades p\u00fablicas de Caldas y Risaralda visita la UTP El senador Carlos Felipe [&hellip;]<\/p>\n","protected":false},"author":0,"featured_media":60208,"comment_status":"closed","ping_status":"closed","sticky":false,"template":"","format":"standard","meta":{"footnotes":""},"categories":[3],"tags":[],"class_list":["post-3661","post","type-post","status-publish","format-standard","has-post-thumbnail","hentry","category-noticias"],"_links":{"self":[{"href":"https:\/\/vicerrectorias.utp.edu.co\/responsabilidad-social\/wp-json\/wp\/v2\/posts\/3661","targetHints":{"allow":["GET"]}}],"collection":[{"href":"https:\/\/vicerrectorias.utp.edu.co\/responsabilidad-social\/wp-json\/wp\/v2\/posts"}],"about":[{"href":"https:\/\/vicerrectorias.utp.edu.co\/responsabilidad-social\/wp-json\/wp\/v2\/types\/post"}],"replies":[{"embeddable":true,"href":"https:\/\/vicerrectorias.utp.edu.co\/responsabilidad-social\/wp-json\/wp\/v2\/comments?post=3661"}],"version-history":[{"count":3,"href":"https:\/\/vicerrectorias.utp.edu.co\/responsabilidad-social\/wp-json\/wp\/v2\/posts\/3661\/revisions"}],"predecessor-version":[{"id":60988,"href":"https:\/\/vicerrectorias.utp.edu.co\/responsabilidad-social\/wp-json\/wp\/v2\/posts\/3661\/revisions\/60988"}],"wp:featuredmedia":[{"embeddable":true,"href":"https:\/\/vicerrectorias.utp.edu.co\/responsabilidad-social\/wp-json\/wp\/v2\/media\/60208"}],"wp:attachment":[{"href":"https:\/\/vicerrectorias.utp.edu.co\/responsabilidad-social\/wp-json\/wp\/v2\/media?parent=3661"}],"wp:term":[{"taxonomy":"category","embeddable":true,"href":"https:\/\/vicerrectorias.utp.edu.co\/responsabilidad-social\/wp-json\/wp\/v2\/categories?post=3661"},{"taxonomy":"post_tag","embeddable":true,"href":"https:\/\/vicerrectorias.utp.edu.co\/responsabilidad-social\/wp-json\/wp\/v2\/tags?post=3661"}],"curies":[{"name":"wp","href":"https:\/\/api.w.org\/{rel}","templated":true}]}}