{"id":3631,"date":"2017-07-12T08:50:34","date_gmt":"2017-07-12T06:50:34","guid":{"rendered":""},"modified":"2024-08-20T09:09:14","modified_gmt":"2024-08-20T07:09:14","slug":"inicio-de-obras-deportivas-utp","status":"publish","type":"post","link":"https:\/\/vicerrectorias.utp.edu.co\/responsabilidad-social\/inicio-de-obras-deportivas-utp\/","title":{"rendered":"Inicio de obras deportivas UTP"},"content":{"rendered":"\n<p><span class=\"post-content__span\"> Inicio de obras deportivas UTP<\/p>\n\n\n\n<p><span class=\"post-content__span\"> <img decoding=\"async\" alt=\"Inicio de obras deportivas UTP\" src=\"https:\/\/comunicaciones.utp.edu.co\/wp-content\/uploads\/sites\/2\/piscinas-julio.jpg\">Se informa a la comunidad usuaria de las zonas deportivas de la Universidad y a la comunidad en general, que se dar\u00e1 inicio a las obras \u201cNuevos escenarios deportivos que comprenden la construcci\u00f3n de una piscina semi-ol\u00edmpica, una piscina para formaci\u00f3n, el gimnasio y sus obras complementarias\u201d el pr\u00f3ximo lunes 17 de julio de 2017.<\/p>\n\n\n\n<p><span class=\"post-content__span\"> Para el inicio de las obras se ha dise\u00f1ado un plan de movilidad, que se puede conocer en el plano adjunto, se recomienda a todos los peatones respetar los senderos indicados, desde y hacia el sector de La Julita, Bienestar universitario, gimnasio, y edificio de Ingenier\u00eda El\u00e9ctrica.&nbsp;<\/p>\n\n\n\n<p><span class=\"post-content__span\"> El centro de entrenamiento de pesas, ser\u00e1 trasladado hacia la zona deportiva localizada al sur de la Universidad, aleda\u00f1o al parqueadero Jorge Roa Mart\u00ednez.<\/p>\n\n\n\n<p><span class=\"post-content__span\"> Las actividades programadas en las canchas de baloncesto, ser\u00e1n reprogramadas en la zona sur y La Julita.<\/p>\n\n\n\n<p><span class=\"post-content__span\"> Con el fin de no interrumpir los entrenamientos y pr\u00e1cticas de tenis, se ha alquilado una cancha en la Corporaci\u00f3n Deportiva de Pereira, ubicada en el Estadio Hern\u00e1n Ram\u00edrez Villegas de Pereira, la cual podr\u00e1 usarse por nuestra comunidad universitaria a partir de la fecha de inicio de obras.<\/p>\n\n\n\n<p><span class=\"post-content__span\"> Desde las directivas de la Instituci\u00f3n se est\u00e1 trabajando por mejorar los espacios f\u00edsicos para garantizar la \u00f3ptima formaci\u00f3n de nuestros estudiantes, as\u00ed como proporcionar mayores comodidades a toda la comunidad.<\/p>\n\n\n\n<p><span class=\"post-content__span\"> <a href=\"https:\/\/www.utp.edu.co\/cms-utp\/data\/bin\/UTP\/web\/uploads\/media\/comunicaciones\/documentos\/Plano-de-movilidad.pdf\">Ver Plano de Movilidad<\/a><\/p>\n","protected":false},"excerpt":{"rendered":"<p>Inicio de obras deportivas UTP Se informa a la comunidad usuaria de las zonas deportivas de la Universidad y a [&hellip;]<\/p>\n","protected":false},"author":0,"featured_media":60205,"comment_status":"closed","ping_status":"closed","sticky":false,"template":"","format":"standard","meta":{"footnotes":""},"categories":[3],"tags":[],"class_list":["post-3631","post","type-post","status-publish","format-standard","has-post-thumbnail","hentry","category-noticias"],"_links":{"self":[{"href":"https:\/\/vicerrectorias.utp.edu.co\/responsabilidad-social\/wp-json\/wp\/v2\/posts\/3631","targetHints":{"allow":["GET"]}}],"collection":[{"href":"https:\/\/vicerrectorias.utp.edu.co\/responsabilidad-social\/wp-json\/wp\/v2\/posts"}],"about":[{"href":"https:\/\/vicerrectorias.utp.edu.co\/responsabilidad-social\/wp-json\/wp\/v2\/types\/post"}],"replies":[{"embeddable":true,"href":"https:\/\/vicerrectorias.utp.edu.co\/responsabilidad-social\/wp-json\/wp\/v2\/comments?post=3631"}],"version-history":[{"count":2,"href":"https:\/\/vicerrectorias.utp.edu.co\/responsabilidad-social\/wp-json\/wp\/v2\/posts\/3631\/revisions"}],"predecessor-version":[{"id":61124,"href":"https:\/\/vicerrectorias.utp.edu.co\/responsabilidad-social\/wp-json\/wp\/v2\/posts\/3631\/revisions\/61124"}],"wp:featuredmedia":[{"embeddable":true,"href":"https:\/\/vicerrectorias.utp.edu.co\/responsabilidad-social\/wp-json\/wp\/v2\/media\/60205"}],"wp:attachment":[{"href":"https:\/\/vicerrectorias.utp.edu.co\/responsabilidad-social\/wp-json\/wp\/v2\/media?parent=3631"}],"wp:term":[{"taxonomy":"category","embeddable":true,"href":"https:\/\/vicerrectorias.utp.edu.co\/responsabilidad-social\/wp-json\/wp\/v2\/categories?post=3631"},{"taxonomy":"post_tag","embeddable":true,"href":"https:\/\/vicerrectorias.utp.edu.co\/responsabilidad-social\/wp-json\/wp\/v2\/tags?post=3631"}],"curies":[{"name":"wp","href":"https:\/\/api.w.org\/{rel}","templated":true}]}}