{"id":3601,"date":"2017-07-05T10:17:44","date_gmt":"2017-07-05T08:17:44","guid":{"rendered":""},"modified":"2024-08-15T14:53:31","modified_gmt":"2024-08-15T12:53:31","slug":"becas-talento-para-estudiantes-utp-2017","status":"publish","type":"post","link":"https:\/\/vicerrectorias.utp.edu.co\/responsabilidad-social\/becas-talento-para-estudiantes-utp-2017\/","title":{"rendered":"Becas Talento para estudiantes UTP 2017"},"content":{"rendered":"\n<p><span class=\"post-content__span\"> Convocatoria Becas Talento para estudiantes UTP hasta este 11 de julio<\/p>\n\n\n\n<p><span class=\"post-content__span\"> La Vicerrector\u00eda de Responsabilidad Social y Bienestar Universitaria de la UTP, abre&nbsp; la convocatoria para nuevos cupos en su programa Becas Talento, en este los empresarios le aportan al desarrollo de la Regi\u00f3n apoyando el sostenimiento de un joven talento universitario.<\/p>\n\n\n\n<p><span class=\"post-content__span\"> Es as\u00ed&nbsp; se\u00f1or estudiante que si usted est\u00e1 interesado en pertenecer a este Programa y cumple con los siguientes requisitos, inscr\u00edbase para ser beneficiario.<\/p>\n\n\n\n<p><span class=\"post-content__span\"> <strong>Requisitos:<\/strong><\/p>\n\n\n\n<p><span class=\"post-content__span\"> Promedio de carrera mayor o igual a 4.0.<\/p>\n\n\n\n<p><span class=\"post-content__span\"> Contar con semestre de 4,0 en el semestre en el \u00faltimo semestre cursado<\/p>\n\n\n\n<p><span class=\"post-content__span\"> Provenir de municipios de Risaralda o Norte del Valle<\/p>\n\n\n\n<p><span class=\"post-content__span\"> Encontrarse en un semestre mayor o igual al tercero si es estudia programa de Tecnolog\u00eda.<\/p>\n\n\n\n<p><span class=\"post-content__span\"> Encontrarse en un semestre mayor o igual al cuarto si es estudia programa profesional.<\/p>\n\n\n\n<p><span class=\"post-content__span\"> Pertenecer al estrato 1 \u00f3 2.<\/p>\n\n\n\n<p><span class=\"post-content__span\"> Tener el 80% de los cr\u00e9ditos aprobados seg\u00fan semestre matriculado.<\/p>\n\n\n\n<p><span class=\"post-content__span\"> Nota:<\/p>\n\n\n\n<p><span class=\"post-content__span\"> El estudiante que recibe la Beca, debe realizar un Diplomado, proceso de formaci\u00f3n a trav\u00e9s del cual se realiza el servicio social.<\/p>\n","protected":false},"excerpt":{"rendered":"<p>Convocatoria Becas Talento para estudiantes UTP hasta este 11 de julio La Vicerrector\u00eda de Responsabilidad Social y Bienestar Universitaria de [&hellip;]<\/p>\n","protected":false},"author":0,"featured_media":60203,"comment_status":"closed","ping_status":"closed","sticky":false,"template":"","format":"standard","meta":{"footnotes":""},"categories":[3],"tags":[],"class_list":["post-3601","post","type-post","status-publish","format-standard","has-post-thumbnail","hentry","category-noticias"],"_links":{"self":[{"href":"https:\/\/vicerrectorias.utp.edu.co\/responsabilidad-social\/wp-json\/wp\/v2\/posts\/3601","targetHints":{"allow":["GET"]}}],"collection":[{"href":"https:\/\/vicerrectorias.utp.edu.co\/responsabilidad-social\/wp-json\/wp\/v2\/posts"}],"about":[{"href":"https:\/\/vicerrectorias.utp.edu.co\/responsabilidad-social\/wp-json\/wp\/v2\/types\/post"}],"replies":[{"embeddable":true,"href":"https:\/\/vicerrectorias.utp.edu.co\/responsabilidad-social\/wp-json\/wp\/v2\/comments?post=3601"}],"version-history":[{"count":2,"href":"https:\/\/vicerrectorias.utp.edu.co\/responsabilidad-social\/wp-json\/wp\/v2\/posts\/3601\/revisions"}],"predecessor-version":[{"id":9264,"href":"https:\/\/vicerrectorias.utp.edu.co\/responsabilidad-social\/wp-json\/wp\/v2\/posts\/3601\/revisions\/9264"}],"wp:featuredmedia":[{"embeddable":true,"href":"https:\/\/vicerrectorias.utp.edu.co\/responsabilidad-social\/wp-json\/wp\/v2\/media\/60203"}],"wp:attachment":[{"href":"https:\/\/vicerrectorias.utp.edu.co\/responsabilidad-social\/wp-json\/wp\/v2\/media?parent=3601"}],"wp:term":[{"taxonomy":"category","embeddable":true,"href":"https:\/\/vicerrectorias.utp.edu.co\/responsabilidad-social\/wp-json\/wp\/v2\/categories?post=3601"},{"taxonomy":"post_tag","embeddable":true,"href":"https:\/\/vicerrectorias.utp.edu.co\/responsabilidad-social\/wp-json\/wp\/v2\/tags?post=3601"}],"curies":[{"name":"wp","href":"https:\/\/api.w.org\/{rel}","templated":true}]}}