{"id":3591,"date":"2017-07-05T10:09:38","date_gmt":"2017-07-05T08:09:38","guid":{"rendered":""},"modified":"2024-08-15T13:40:19","modified_gmt":"2024-08-15T11:40:19","slug":"aguas-y-aguas-mejor-empresa-de-servicios-publicos","status":"publish","type":"post","link":"https:\/\/vicerrectorias.utp.edu.co\/responsabilidad-social\/aguas-y-aguas-mejor-empresa-de-servicios-publicos\/","title":{"rendered":"Aguas y Aguas mejor empresa de servicios publicos"},"content":{"rendered":"\n<p><span class=\"post-content__span\"> Aguas y Aguas de Pereira la mejor empresa mediana de servicios p\u00fablicos domiciliarios y de telecomunicaciones del pa\u00eds<\/p>\n\n\n\n<p><span class=\"post-content__span\"> <img decoding=\"async\" src=\"https:\/\/comunicaciones.utp.edu.co\/wp-content\/uploads\/sites\/2\/30-junio-Aguas.jpg\" alt=\"Aguas y Aguas de Pereira la mejor empresa mediana de servicios p\u00fablicos domiciliarios y de telecomunicaciones del pa\u00eds\"><\/p>\n\n\n\n<p><span class=\"post-content__span\"> Aguas y Aguas de Pereira se convirti\u00f3 en la mejor Empresa mediana de servicios p\u00fablicos domiciliarios y de telecomunicaciones del pa\u00eds, al obtener el premio ANDESCO a la Responsabilidad Social Empresarial, que agrupa a las empresas o entidades con un n\u00famero entre 50.000 a 299.999 usuarios y que en el marco de sus operaciones han efectuado la mejor distribuci\u00f3n de su inversi\u00f3n social, vinculando en ella aspectos ambientales, sociales y econ\u00f3micos, inherentes al desarrollo sostenible.<\/p>\n\n\n\n<p><span class=\"post-content__span\"> El premio, cuyo tema central fue los Objetivos de Desarrollo Sostenible, se entreg\u00f3 en la versi\u00f3n 19 del Congreso Nacional de Servicios P\u00fablicos \u2013 ANDESCO, realizado en Cartagena y en el cual, hicieron presencia representantes del sector de servicios p\u00fablicos y telecomunicaciones del pa\u00eds.<\/p>\n\n\n\n<p><span class=\"post-content__span\"> En este premio participaron 232 empresas distribuidas en 4 categor\u00edas: empresas grandes, medianas, peque\u00f1as y otros sectores, quienes dieron a conocer sus mejores pr\u00e1cticas ambientales, sociales y econ\u00f3micas en el sector de los servicios p\u00fablicos y las telecomunicaciones; cabe destacar que, todas las postulaciones fueron auditadas por la firma Crowe Horwath.<\/p>\n\n\n\n<p><span class=\"post-content__span\"> As\u00ed mismo, este premio a la Responsabilidad Social Empresarial, exalta 5 entornos: Laboral, Mercado, Social, Ambiental y de Gobierno Corporativo, en los cuales, tambi\u00e9n la Empresa de todos los pereiranos, fue finalista.<\/p>\n\n\n\n<p><span class=\"post-content__span\"> Carmenza Garc\u00eda, Directora de Planeaci\u00f3n de la Empresa, califica la alianza con la UTP como \u201cestrat\u00e9gica\u201d e indica:&nbsp; \u201cla academia, en este caso la UTP, ha sido motor y gu\u00eda para desarrollar nuestros objetivos estrat\u00e9gicos, por eso queremos ofrecerle a la ciudad de Pereira, este reconocimiento y decirles que Aguas y Aguas de Pereira est\u00e1 comprometida con la ciudad y con el desarrollo y bienestar de la regi\u00f3n, a trav\u00e9s de la gesti\u00f3n integral del agua\u201d<\/p>\n\n\n\n<p><span class=\"post-content__span\"> Para esta distinci\u00f3n estaban nominadas adem\u00e1s: El Acueducto Metropolitano de Bucaramanga, Aguas de Manizales, Telebucaramanga y Gensa, saliendo como ganadora Aguas y Aguas de Pereira.<\/p>\n\n\n\n<p><span class=\"post-content__span\"> Al respecto, Francisco Valencia L\u00f3pez, Gerente de Aguas y Aguas de Pereira, indic\u00f3 \u201csomos una empresa referente del pa\u00eds, en nuestra ciudad est\u00e1n pasando cosas maravillosas, estamos volviendo la mirada a los r\u00edos y al patrimonio ambiental de los m\u00e1s de 600.000 habitantes de la Ciudad, este premio nos inspira a seguir recuperando el sentido y el valor del agua, desde la Empresa estamos contribuyendo a tener una ciudad resiliente, influyente y comprometida con el desarrollo sostenible, estamos aportando para hacer de Pereira, la capital del Eje.<\/p>\n\n\n\n<p><span class=\"post-content__span\"> De igual manera, el funcionario agradeci\u00f3 a todo el personal de Aguas y Aguas por el compromiso y esmero para el logro de este reconocimiento tan importante, sin ellos no hubiera sido posible cristalizar todas las apuestas corporativas que hoy nos reconoce el jurado de este importante galard\u00f3n. As\u00ed mismo, resalt\u00f3 el apoyo brindado por la Universidad Tecnol\u00f3gica de Pereira, quienes nos vienen apoyando en la estructuraci\u00f3n del proyecto de Responsabilidad Social Empresarial.<\/p>\n","protected":false},"excerpt":{"rendered":"<p>Aguas y Aguas de Pereira la mejor empresa mediana de servicios p\u00fablicos domiciliarios y de telecomunicaciones del pa\u00eds Aguas y [&hellip;]<\/p>\n","protected":false},"author":0,"featured_media":60202,"comment_status":"closed","ping_status":"closed","sticky":false,"template":"","format":"standard","meta":{"footnotes":""},"categories":[3],"tags":[],"class_list":["post-3591","post","type-post","status-publish","format-standard","has-post-thumbnail","hentry","category-noticias"],"_links":{"self":[{"href":"https:\/\/vicerrectorias.utp.edu.co\/responsabilidad-social\/wp-json\/wp\/v2\/posts\/3591","targetHints":{"allow":["GET"]}}],"collection":[{"href":"https:\/\/vicerrectorias.utp.edu.co\/responsabilidad-social\/wp-json\/wp\/v2\/posts"}],"about":[{"href":"https:\/\/vicerrectorias.utp.edu.co\/responsabilidad-social\/wp-json\/wp\/v2\/types\/post"}],"replies":[{"embeddable":true,"href":"https:\/\/vicerrectorias.utp.edu.co\/responsabilidad-social\/wp-json\/wp\/v2\/comments?post=3591"}],"version-history":[{"count":3,"href":"https:\/\/vicerrectorias.utp.edu.co\/responsabilidad-social\/wp-json\/wp\/v2\/posts\/3591\/revisions"}],"predecessor-version":[{"id":9265,"href":"https:\/\/vicerrectorias.utp.edu.co\/responsabilidad-social\/wp-json\/wp\/v2\/posts\/3591\/revisions\/9265"}],"wp:featuredmedia":[{"embeddable":true,"href":"https:\/\/vicerrectorias.utp.edu.co\/responsabilidad-social\/wp-json\/wp\/v2\/media\/60202"}],"wp:attachment":[{"href":"https:\/\/vicerrectorias.utp.edu.co\/responsabilidad-social\/wp-json\/wp\/v2\/media?parent=3591"}],"wp:term":[{"taxonomy":"category","embeddable":true,"href":"https:\/\/vicerrectorias.utp.edu.co\/responsabilidad-social\/wp-json\/wp\/v2\/categories?post=3591"},{"taxonomy":"post_tag","embeddable":true,"href":"https:\/\/vicerrectorias.utp.edu.co\/responsabilidad-social\/wp-json\/wp\/v2\/tags?post=3591"}],"curies":[{"name":"wp","href":"https:\/\/api.w.org\/{rel}","templated":true}]}}