{"id":3571,"date":"2017-07-04T08:11:19","date_gmt":"2017-07-04T06:11:19","guid":{"rendered":""},"modified":"2024-08-20T14:08:14","modified_gmt":"2024-08-20T12:08:14","slug":"semana-de-pruebas-y-adaptacion-vida-universitaria","status":"publish","type":"post","link":"https:\/\/vicerrectorias.utp.edu.co\/responsabilidad-social\/semana-de-pruebas-y-adaptacion-vida-universitaria\/","title":{"rendered":"Semana de pruebas y adaptaci\u00f3n vida universitaria"},"content":{"rendered":"\n<p><span class=\"post-content__span\"> Semana de pruebas y adaptaci\u00f3n a la vida universitaria<\/p>\n\n\n\n<p><span class=\"post-content__span\"> La Universidad Tecnol\u00f3gica de Pereira convoca a los estudiantes admitidos en el segundo semestre del a\u00f1o 2017&nbsp; para que inicien su proceso de ingreso a la Universidad (seg\u00fan listado anexo) Grupo 1 el Lunes 10 de Julio, Grupo 2 Martes 11 de Julio y Grupo 3 Lunes 17 de Julio de 2017 con la realizaci\u00f3n de las &nbsp;pruebas&nbsp;clasificatorias para los estudiantes de primer&nbsp;semestre, seg\u00fan Acuerdo 41 del 22 de diciembre de 2014 y la asistencia a las actividades de Bienvenida y Adaptaci\u00f3n a la Vida Universitaria, las cuales son de gran importancia para su ingreso y permanencia en la UTP.<\/p>\n\n\n\n<p><span class=\"post-content__span\"> La presentaci\u00f3n de estas pruebas es de car\u00e1cter obligatorio, para determinar la modalidad de primer semestre en el cual usted quedar\u00e1 matriculado y as\u00ed mismo establecer las asignaturas que&nbsp;podr\u00e1 cursar en el primer semestre.<\/p>\n\n\n\n<p><span class=\"post-content__span\"> Usted podr\u00e1 consultar la programaci\u00f3n; d\u00eda, hora y lugar donde debe presentarse el primer d\u00eda de actividades, de acuerdo al programa acad\u00e9mico al cual se encuentra matriculado, en la p\u00e1gina web de la Universidad Tecnol\u00f3gica de Pereira:&nbsp;<a rel=\"noreferrer noopener\" href=\"https:\/\/www.utp.edu.co\/\" target=\"_blank\">www.utp.edu.co<\/a>&nbsp;a partir del Martes 4 de julio de 2017.<\/p>\n\n\n\n<p><span class=\"post-content__span\"> Durante la jornada del primer d\u00eda, se le entregar\u00e1 la programaci\u00f3n de actividades de toda la semana.<\/p>\n\n\n\n<p><span class=\"post-content__span\"> Para la presentaci\u00f3n de las pruebas, es importante que tenga en cuenta las siguientes recomendaciones:<\/p>\n\n\n\n<p><span class=\"post-content__span\"> Llegar puntual al sitio donde empieza la jornada. (Para las pruebas en salas de c\u00f3mputo.<\/p>\n\n\n\n<p><span class=\"post-content__span\"> Una vez se d\u00e9 inicio a la&nbsp; prueba, no se permitir\u00e1 el ingreso de ning\u00fan estudiante).<\/p>\n\n\n\n<p><span class=\"post-content__span\"> &nbsp;Tener disponible el documento de identidad.&nbsp;<\/p>\n\n\n\n<p><span class=\"post-content__span\"> Se recomienda, no traer celular o guardarlo al ingreso, pues no est\u00e1 permitido su&nbsp;uso en las salas durante la realizaci\u00f3n de las&nbsp;pruebas.&nbsp;<\/p>\n\n\n\n<p><span class=\"post-content__span\"> &nbsp;Traer l\u00e1piz, papel, saca puntas y borrador para la prueba de matem\u00e1ticas. (Caso de las Ingenier\u00edas, Tecnolog\u00edas, Administraci\u00f3n Ambiental y Turismo Sostenible).<\/p>\n\n\n\n<p><span class=\"post-content__span\"> &nbsp;Se recomienda traer aud\u00edfonos, para su uso personal, en la prueba de ingl\u00e9s, si no&nbsp;tiene la Universidad se los facilitar\u00e1.<\/p>\n\n\n\n<p><span class=\"post-content__span\"> Si usted ya present\u00f3 la prueba de ingl\u00e9s o ha realizado cursos con el ILEX&nbsp; en la Universidad, no es necesario que la presente nuevamente. Usted permanecer\u00e1 clasificado en el \u00faltimo curso que haya indicado el resultado anterior o en el \u00faltimo curso que haya aprobado en el ILEX.<\/p>\n\n\n\n<p><span class=\"post-content__span\"> En caso de no presentarse a las pruebas, quedar\u00e1 autom\u00e1ticamente matriculado en el semestre de cr\u00e9ditos reducidos, seg\u00fan acuerdo 41 del 22 de diciembre de 2014.<\/p>\n\n\n\n<p><span class=\"post-content__span\"> &nbsp;<em>NOTA:<\/em><em>&nbsp;&nbsp;Estas pruebas&nbsp;solo aplican&nbsp;para estudiantes que ingresan al primer semestre en la Universidad, a los cuales ya se les confirm\u00f3 que fueron admitidos&nbsp; al programa acad\u00e9mico respectivo (pueden verificar en la p\u00e1gina de la universidad en el link inscripciones, digitando el n\u00famero de su pin o revisando los listados de los llamados) y han confirmado su ingreso a la universidad mediante el pago del valor de la matr\u00edcula en el tiempo establecido (exceptuando los del segundo a tercer llamado, quienes tienen tiempo para realizar este proceso).<\/em><\/p>\n\n\n\n<p><span class=\"post-content__span\"> <em>GRUPO 1.&nbsp; LUNES 10 DE JULIO DE 2017<\/em><\/p>\n\n\n\n<figure class=\"wp-block-table\"><table><tbody><tr><td><em>INGENIER\u00cdA DE SISTEMAS&nbsp; Y COMPUTACI\u00d3N JORNADA ESPECIAL<\/em><\/td><\/tr><tr><td><em>INGENIER\u00cdA DE SISTEMAS Y COMPUTACI\u00d3N<\/em><\/td><\/tr><tr><td><em>INGENIERIA EL\u00c9CTRICA<\/em><\/td><\/tr><tr><td><em>INGENIERIA ELECTR\u00d3NICA JORNADA ESPECIAL<\/em><\/td><\/tr><tr><td><em>INGENIER\u00cdA EN PROCESOS AGROINDUSTRIALES<\/em><\/td><\/tr><tr><td><em>INGENIER\u00cdA EN PROCESOS SOSTENIBLES DE LAS MADERAS<\/em><\/td><\/tr><tr><td><em>INGENIERIA F\u00cdSICA<\/em><\/td><\/tr><tr><td><em>INGENIER\u00cdA INDUSTRIAL<\/em><\/td><\/tr><tr><td><em>INGENIERIA INDUSTRIAL JORNADA ESPECIAL<\/em><\/td><\/tr><tr><td><em>INGENIER\u00cdA MEC\u00c1NICA<\/em><\/td><\/tr><\/tbody><\/table><\/figure>\n\n\n\n<p><span class=\"post-content__span\"> <em>GRUPO 2.&nbsp; MARTES 11 DE JULIO DE 2017<\/em><\/p>\n\n\n\n<figure class=\"wp-block-table\"><table><tbody><tr><td><em>ADMINISTRACI\u00d3N AMBIENTAL<\/em><\/td><\/tr><tr><td><em>T\u00c9CNICO PROFESIONAL EN MECATR\u00d3NICA<\/em><\/td><\/tr><tr><td><em>LICENCIATURA EN BILING\u00dcISMO CON \u00c9NFASIS EN INGL\u00c9S<\/em><\/td><\/tr><tr><td><em>LICENCIATURA EN ESPA\u00d1OL Y LITERATURA<\/em><\/td><\/tr><tr><td><em>LICENCIATURA EN ETNOEDUCACI\u00d3N<\/em><\/td><\/tr><tr><td><em>TECNOLOG\u00cdA&nbsp; INDUSTRIAL<\/em><\/td><\/tr><tr><td><em>TECNOLOG\u00cdA&nbsp; MEC\u00c1NICA<\/em><\/td><\/tr><tr><td><em>QU\u00cdMICA INDUSTRIAL<\/em><\/td><\/tr><tr><td><em>TECNOLOG\u00cdA EL\u00c9CTRICA<\/em><\/td><\/tr><tr><td><em>TECNOLOG\u00cdA EN GESTI\u00d3N DEL TURISMO SOSTENIBLE<\/em><\/td><\/tr><\/tbody><\/table><\/figure>\n\n\n\n<p><span class=\"post-content__span\"> <em>GRUPO 3.&nbsp; LUNES 17 DE JULIO DE 2017<\/em><\/p>\n\n\n\n<figure class=\"wp-block-table\"><table><tbody><tr><td><em>CIENCIAS DEL DEPORTE Y LA RECREACI\u00d3N<\/em><\/td><\/tr><tr><td><em>LICENCIATURA EN&nbsp; COMUNICI\u00d3N E INFORM\u00c1TICA EDUCATIVA<\/em><\/td><\/tr><tr><td><em>LICENCIATURA EN PEDAGOG\u00cdA INFANTIL<\/em><\/td><\/tr><tr><td><em>MEDICINA<\/em><\/td><\/tr><tr><td><em>MEDICINA VETERINARIA Y ZOOTECNIA<\/em><\/td><\/tr><tr><td><em>TECNOLOG\u00cdA EN ATENCI\u00d3N PREHOSPITALARIA<\/em> &nbsp; <em>NOTA: Favor estar atento a su correo electr\u00f3nico se le estar\u00e1 enviando informaci\u00f3n importante para su proceso en la Universidad.<\/em><\/td><\/tr><\/tbody><\/table><\/figure>\n","protected":false},"excerpt":{"rendered":"<p>Semana de pruebas y adaptaci\u00f3n a la vida universitaria La Universidad Tecnol\u00f3gica de Pereira convoca a los estudiantes admitidos en [&hellip;]<\/p>\n","protected":false},"author":0,"featured_media":60200,"comment_status":"closed","ping_status":"closed","sticky":false,"template":"","format":"standard","meta":{"footnotes":""},"categories":[3],"tags":[],"class_list":["post-3571","post","type-post","status-publish","format-standard","has-post-thumbnail","hentry","category-noticias"],"_links":{"self":[{"href":"https:\/\/vicerrectorias.utp.edu.co\/responsabilidad-social\/wp-json\/wp\/v2\/posts\/3571","targetHints":{"allow":["GET"]}}],"collection":[{"href":"https:\/\/vicerrectorias.utp.edu.co\/responsabilidad-social\/wp-json\/wp\/v2\/posts"}],"about":[{"href":"https:\/\/vicerrectorias.utp.edu.co\/responsabilidad-social\/wp-json\/wp\/v2\/types\/post"}],"replies":[{"embeddable":true,"href":"https:\/\/vicerrectorias.utp.edu.co\/responsabilidad-social\/wp-json\/wp\/v2\/comments?post=3571"}],"version-history":[{"count":2,"href":"https:\/\/vicerrectorias.utp.edu.co\/responsabilidad-social\/wp-json\/wp\/v2\/posts\/3571\/revisions"}],"predecessor-version":[{"id":61293,"href":"https:\/\/vicerrectorias.utp.edu.co\/responsabilidad-social\/wp-json\/wp\/v2\/posts\/3571\/revisions\/61293"}],"wp:featuredmedia":[{"embeddable":true,"href":"https:\/\/vicerrectorias.utp.edu.co\/responsabilidad-social\/wp-json\/wp\/v2\/media\/60200"}],"wp:attachment":[{"href":"https:\/\/vicerrectorias.utp.edu.co\/responsabilidad-social\/wp-json\/wp\/v2\/media?parent=3571"}],"wp:term":[{"taxonomy":"category","embeddable":true,"href":"https:\/\/vicerrectorias.utp.edu.co\/responsabilidad-social\/wp-json\/wp\/v2\/categories?post=3571"},{"taxonomy":"post_tag","embeddable":true,"href":"https:\/\/vicerrectorias.utp.edu.co\/responsabilidad-social\/wp-json\/wp\/v2\/tags?post=3571"}],"curies":[{"name":"wp","href":"https:\/\/api.w.org\/{rel}","templated":true}]}}