{"id":3551,"date":"2017-06-30T09:23:43","date_gmt":"2017-06-30T07:23:43","guid":{"rendered":""},"modified":"2024-08-20T10:37:01","modified_gmt":"2024-08-20T08:37:01","slug":"nueva-entrega-de-incentivos-para-jovenes-en-accion","status":"publish","type":"post","link":"https:\/\/vicerrectorias.utp.edu.co\/responsabilidad-social\/nueva-entrega-de-incentivos-para-jovenes-en-accion\/","title":{"rendered":"Nueva entrega de incentivos para J\u00f3venes en Acci\u00f3n"},"content":{"rendered":"\n<p><span class=\"post-content__span\"> Nueva entrega de incentivos para J\u00f3venes en Acci\u00f3n<\/p>\n\n\n\n<p><span class=\"post-content__span\"> Se informa que debido al cambio de entidad financiera para recibir los incentivos del programa J\u00f3venes en Acci\u00f3n,&nbsp;&nbsp;la pr\u00f3xima entrega se realizar\u00e1 a partir del 5 de julio de 2017.<\/p>\n\n\n\n<figure class=\"wp-block-image\"><img decoding=\"async\" src=\"https:\/\/comunicaciones.utp.edu.co\/wp-content\/uploads\/sites\/2\/Cambio-de-banco-png.jpg\" alt=\"\"\/><\/figure>\n","protected":false},"excerpt":{"rendered":"<p>Nueva entrega de incentivos para J\u00f3venes en Acci\u00f3n Se informa que debido al cambio de entidad financiera para recibir los [&hellip;]<\/p>\n","protected":false},"author":0,"featured_media":60198,"comment_status":"closed","ping_status":"closed","sticky":false,"template":"","format":"standard","meta":{"footnotes":""},"categories":[3],"tags":[],"class_list":["post-3551","post","type-post","status-publish","format-standard","has-post-thumbnail","hentry","category-noticias"],"_links":{"self":[{"href":"https:\/\/vicerrectorias.utp.edu.co\/responsabilidad-social\/wp-json\/wp\/v2\/posts\/3551","targetHints":{"allow":["GET"]}}],"collection":[{"href":"https:\/\/vicerrectorias.utp.edu.co\/responsabilidad-social\/wp-json\/wp\/v2\/posts"}],"about":[{"href":"https:\/\/vicerrectorias.utp.edu.co\/responsabilidad-social\/wp-json\/wp\/v2\/types\/post"}],"replies":[{"embeddable":true,"href":"https:\/\/vicerrectorias.utp.edu.co\/responsabilidad-social\/wp-json\/wp\/v2\/comments?post=3551"}],"version-history":[{"count":2,"href":"https:\/\/vicerrectorias.utp.edu.co\/responsabilidad-social\/wp-json\/wp\/v2\/posts\/3551\/revisions"}],"predecessor-version":[{"id":61206,"href":"https:\/\/vicerrectorias.utp.edu.co\/responsabilidad-social\/wp-json\/wp\/v2\/posts\/3551\/revisions\/61206"}],"wp:featuredmedia":[{"embeddable":true,"href":"https:\/\/vicerrectorias.utp.edu.co\/responsabilidad-social\/wp-json\/wp\/v2\/media\/60198"}],"wp:attachment":[{"href":"https:\/\/vicerrectorias.utp.edu.co\/responsabilidad-social\/wp-json\/wp\/v2\/media?parent=3551"}],"wp:term":[{"taxonomy":"category","embeddable":true,"href":"https:\/\/vicerrectorias.utp.edu.co\/responsabilidad-social\/wp-json\/wp\/v2\/categories?post=3551"},{"taxonomy":"post_tag","embeddable":true,"href":"https:\/\/vicerrectorias.utp.edu.co\/responsabilidad-social\/wp-json\/wp\/v2\/tags?post=3551"}],"curies":[{"name":"wp","href":"https:\/\/api.w.org\/{rel}","templated":true}]}}