{"id":3531,"date":"2017-06-28T09:16:26","date_gmt":"2017-06-28T07:16:26","guid":{"rendered":""},"modified":"2024-08-16T08:57:08","modified_gmt":"2024-08-16T06:57:08","slug":"continua-cierre-porteria-principal","status":"publish","type":"post","link":"https:\/\/vicerrectorias.utp.edu.co\/responsabilidad-social\/continua-cierre-porteria-principal\/","title":{"rendered":"Contin\u00faa cierre Porter\u00eda Principal"},"content":{"rendered":"\n<p><span class=\"post-content__span\"> Contin\u00faa cierre Porter\u00eda Principal<\/p>\n\n\n\n<p><span class=\"post-content__span\"> Se informa a la comunidad universitaria que debido a la intervenci\u00f3n del pavimento al interior de la Porter\u00eda Principal se hace necesario continuar con el cierre completo de la misma, hasta el lunes 16 de julio 2017.&nbsp;<\/p>\n\n\n\n<p><span class=\"post-content__span\"> Se recomienda utilizar los parqueaderos alternos dispuestos en el campus universitario:&nbsp;Medicina,&nbsp;Bellas Artes,&nbsp;el adyacente al auditorio Jorge Roa Mart\u00ednez,&nbsp;El\u00e9ctrica y &nbsp;Bloque Y.<\/p>\n\n\n\n<p><span class=\"post-content__span\"> La Unidad Organizacional de Planeaci\u00f3n nuevamente agradece la comprensi\u00f3n y paciencia por los inconvenientes que esto pueda generar.<\/p>\n\n\n\n<p><span class=\"post-content__span\"> La circulaci\u00f3n peatonal seguir\u00e1 funcionando por la entrada alterna ubicada entre el edificio de la Facultad de Ingenier\u00eda Industrial y el Galp\u00f3n contigua al paradero de buses.<\/p>\n","protected":false},"excerpt":{"rendered":"<p>Contin\u00faa cierre Porter\u00eda Principal Se informa a la comunidad universitaria que debido a la intervenci\u00f3n del pavimento al interior de [&hellip;]<\/p>\n","protected":false},"author":0,"featured_media":0,"comment_status":"closed","ping_status":"closed","sticky":false,"template":"","format":"standard","meta":{"footnotes":""},"categories":[3],"tags":[],"class_list":["post-3531","post","type-post","status-publish","format-standard","hentry","category-noticias"],"_links":{"self":[{"href":"https:\/\/vicerrectorias.utp.edu.co\/responsabilidad-social\/wp-json\/wp\/v2\/posts\/3531","targetHints":{"allow":["GET"]}}],"collection":[{"href":"https:\/\/vicerrectorias.utp.edu.co\/responsabilidad-social\/wp-json\/wp\/v2\/posts"}],"about":[{"href":"https:\/\/vicerrectorias.utp.edu.co\/responsabilidad-social\/wp-json\/wp\/v2\/types\/post"}],"replies":[{"embeddable":true,"href":"https:\/\/vicerrectorias.utp.edu.co\/responsabilidad-social\/wp-json\/wp\/v2\/comments?post=3531"}],"version-history":[{"count":2,"href":"https:\/\/vicerrectorias.utp.edu.co\/responsabilidad-social\/wp-json\/wp\/v2\/posts\/3531\/revisions"}],"predecessor-version":[{"id":60882,"href":"https:\/\/vicerrectorias.utp.edu.co\/responsabilidad-social\/wp-json\/wp\/v2\/posts\/3531\/revisions\/60882"}],"wp:attachment":[{"href":"https:\/\/vicerrectorias.utp.edu.co\/responsabilidad-social\/wp-json\/wp\/v2\/media?parent=3531"}],"wp:term":[{"taxonomy":"category","embeddable":true,"href":"https:\/\/vicerrectorias.utp.edu.co\/responsabilidad-social\/wp-json\/wp\/v2\/categories?post=3531"},{"taxonomy":"post_tag","embeddable":true,"href":"https:\/\/vicerrectorias.utp.edu.co\/responsabilidad-social\/wp-json\/wp\/v2\/tags?post=3531"}],"curies":[{"name":"wp","href":"https:\/\/api.w.org\/{rel}","templated":true}]}}