{"id":3521,"date":"2017-06-22T09:25:04","date_gmt":"2017-06-22T07:25:04","guid":{"rendered":""},"modified":"2024-08-16T10:28:38","modified_gmt":"2024-08-16T08:28:38","slug":"cursos-de-extension-funcionarios-administrativos","status":"publish","type":"post","link":"https:\/\/vicerrectorias.utp.edu.co\/responsabilidad-social\/cursos-de-extension-funcionarios-administrativos\/","title":{"rendered":"Cursos de extensi\u00f3n funcionarios administrativos"},"content":{"rendered":"\n<p><span class=\"post-content__span\"> Cursos de extensi\u00f3n para funcionarios administrativos<\/p>\n\n\n\n<p><span class=\"post-content__span\"> El Comit\u00e9 de Capacitaci\u00f3n Administrativa informa que est\u00e1n abiertas las inscripciones para los Cursos dictados por el Programa de Extensi\u00f3n de la Escuela de Artes Visuales, en modalidad abierta, es decir que a los cursos asistir\u00e1n tambi\u00e9n personas externas.<\/p>\n\n\n\n<p><span class=\"post-content__span\"> La capacitaci\u00f3n est\u00e1 dirigida a Funcionarios Administrativos de Planta, Transitorios y Trabajadores Oficiales y que tengan m\u00e1s de 1 a\u00f1o de vinculaci\u00f3n con la Universidad.<\/p>\n\n\n\n<p><span class=\"post-content__span\"> En caso de existir sillas vac\u00edas, se permitir\u00e1 el ingreso de otros funcionarios administrativos que prestan sus servicios a la instituci\u00f3n.<\/p>\n\n\n\n<p><span class=\"post-content__span\"> Para mayor informaci\u00f3n puede comunicarse con la Escuela de Artes Visuales al tel\u00e9fono 3137466 o a trav\u00e9s del correo electr\u00f3nico<a href=\"mailto:mercadeo@utp.edu.co\" target=\"_blank\" rel=\"noreferrer noopener\">mercadeo@utp.edu.co<\/a><\/p>\n\n\n\n<p><span class=\"post-content__span\"> Cupos Limitados.<\/p>\n\n\n\n<p><span class=\"post-content__span\"> Si est\u00e1 interesado lo invitamos a diligenciar su inscripci\u00f3n en el siguiente enlace:<\/p>\n","protected":false},"excerpt":{"rendered":"<p>Cursos de extensi\u00f3n para funcionarios administrativos El Comit\u00e9 de Capacitaci\u00f3n Administrativa informa que est\u00e1n abiertas las inscripciones para los Cursos [&hellip;]<\/p>\n","protected":false},"author":0,"featured_media":0,"comment_status":"closed","ping_status":"closed","sticky":false,"template":"","format":"standard","meta":{"footnotes":""},"categories":[3],"tags":[],"class_list":["post-3521","post","type-post","status-publish","format-standard","hentry","category-noticias"],"_links":{"self":[{"href":"https:\/\/vicerrectorias.utp.edu.co\/responsabilidad-social\/wp-json\/wp\/v2\/posts\/3521","targetHints":{"allow":["GET"]}}],"collection":[{"href":"https:\/\/vicerrectorias.utp.edu.co\/responsabilidad-social\/wp-json\/wp\/v2\/posts"}],"about":[{"href":"https:\/\/vicerrectorias.utp.edu.co\/responsabilidad-social\/wp-json\/wp\/v2\/types\/post"}],"replies":[{"embeddable":true,"href":"https:\/\/vicerrectorias.utp.edu.co\/responsabilidad-social\/wp-json\/wp\/v2\/comments?post=3521"}],"version-history":[{"count":2,"href":"https:\/\/vicerrectorias.utp.edu.co\/responsabilidad-social\/wp-json\/wp\/v2\/posts\/3521\/revisions"}],"predecessor-version":[{"id":60918,"href":"https:\/\/vicerrectorias.utp.edu.co\/responsabilidad-social\/wp-json\/wp\/v2\/posts\/3521\/revisions\/60918"}],"wp:attachment":[{"href":"https:\/\/vicerrectorias.utp.edu.co\/responsabilidad-social\/wp-json\/wp\/v2\/media?parent=3521"}],"wp:term":[{"taxonomy":"category","embeddable":true,"href":"https:\/\/vicerrectorias.utp.edu.co\/responsabilidad-social\/wp-json\/wp\/v2\/categories?post=3521"},{"taxonomy":"post_tag","embeddable":true,"href":"https:\/\/vicerrectorias.utp.edu.co\/responsabilidad-social\/wp-json\/wp\/v2\/tags?post=3521"}],"curies":[{"name":"wp","href":"https:\/\/api.w.org\/{rel}","templated":true}]}}