{"id":3471,"date":"2017-06-16T08:01:41","date_gmt":"2017-06-16T06:01:41","guid":{"rendered":""},"modified":"2024-08-16T10:23:47","modified_gmt":"2024-08-16T08:23:47","slug":"curso-de-excel-para-funcionarios-administrativos","status":"publish","type":"post","link":"https:\/\/vicerrectorias.utp.edu.co\/responsabilidad-social\/curso-de-excel-para-funcionarios-administrativos\/","title":{"rendered":"Curso de excel para funcionarios administrativos"},"content":{"rendered":"\n<p><span class=\"post-content__span\"> Curso de excel para funcionarios administrativos<\/p>\n\n\n\n<p><span class=\"post-content__span\"> El Comit\u00e9 de Capacitaci\u00f3n Administrativa informa que est\u00e1n abiertas las inscripciones para el Curso de Excel Intermedio para la Administraci\u00f3n de Datos aprobado y certificado por la Facultad de Tecnolog\u00edas.<\/p>\n\n\n\n<p><span class=\"post-content__span\"> La capacitaci\u00f3n est\u00e1 dirigida a Funcionarios Administrativos de Planta, Transitorios y Trabajadores Oficiales y que tengan m\u00e1s de 1 a\u00f1o de vinculaci\u00f3n con la Universidad.<\/p>\n\n\n\n<p><span class=\"post-content__span\"> En caso de existir sillas vac\u00edas, se permitir\u00e1 el ingreso de otros funcionarios administrativos que prestan sus servicios a la instituci\u00f3n.<\/p>\n\n\n\n<p><span class=\"post-content__span\"> Inicio: 18 de julio de 2017<\/p>\n\n\n\n<p><span class=\"post-content__span\"> D\u00edas: Martes<\/p>\n\n\n\n<p><span class=\"post-content__span\"> Hora: de 6:00 p.m. a 8:00 p.m.<\/p>\n\n\n\n<p><span class=\"post-content__span\"> Duraci\u00f3n: 30 horas<\/p>\n\n\n\n<p><span class=\"post-content__span\"> Requisito: llevar computador port\u00e1til<\/p>\n\n\n\n<p><span class=\"post-content__span\"> Cupos limitados.<\/p>\n\n\n\n<p><span class=\"post-content__span\"> Si est\u00e1 interesado lo invitamos a diligenciar su inscripci\u00f3n en el siguiente enlace:<a href=\"https:\/\/goo.gl\/forms\/736YXYshB9Y7umjA3\" target=\"_blank\" rel=\"noreferrer noopener\">https:\/\/goo.gl\/forms\/736YXYshB9Y7umjA3<\/a><\/p>\n","protected":false},"excerpt":{"rendered":"<p>Curso de excel para funcionarios administrativos El Comit\u00e9 de Capacitaci\u00f3n Administrativa informa que est\u00e1n abiertas las inscripciones para el Curso [&hellip;]<\/p>\n","protected":false},"author":0,"featured_media":0,"comment_status":"closed","ping_status":"closed","sticky":false,"template":"","format":"standard","meta":{"footnotes":""},"categories":[3],"tags":[],"class_list":["post-3471","post","type-post","status-publish","format-standard","hentry","category-noticias"],"_links":{"self":[{"href":"https:\/\/vicerrectorias.utp.edu.co\/responsabilidad-social\/wp-json\/wp\/v2\/posts\/3471","targetHints":{"allow":["GET"]}}],"collection":[{"href":"https:\/\/vicerrectorias.utp.edu.co\/responsabilidad-social\/wp-json\/wp\/v2\/posts"}],"about":[{"href":"https:\/\/vicerrectorias.utp.edu.co\/responsabilidad-social\/wp-json\/wp\/v2\/types\/post"}],"replies":[{"embeddable":true,"href":"https:\/\/vicerrectorias.utp.edu.co\/responsabilidad-social\/wp-json\/wp\/v2\/comments?post=3471"}],"version-history":[{"count":2,"href":"https:\/\/vicerrectorias.utp.edu.co\/responsabilidad-social\/wp-json\/wp\/v2\/posts\/3471\/revisions"}],"predecessor-version":[{"id":60914,"href":"https:\/\/vicerrectorias.utp.edu.co\/responsabilidad-social\/wp-json\/wp\/v2\/posts\/3471\/revisions\/60914"}],"wp:attachment":[{"href":"https:\/\/vicerrectorias.utp.edu.co\/responsabilidad-social\/wp-json\/wp\/v2\/media?parent=3471"}],"wp:term":[{"taxonomy":"category","embeddable":true,"href":"https:\/\/vicerrectorias.utp.edu.co\/responsabilidad-social\/wp-json\/wp\/v2\/categories?post=3471"},{"taxonomy":"post_tag","embeddable":true,"href":"https:\/\/vicerrectorias.utp.edu.co\/responsabilidad-social\/wp-json\/wp\/v2\/tags?post=3471"}],"curies":[{"name":"wp","href":"https:\/\/api.w.org\/{rel}","templated":true}]}}