{"id":3451,"date":"2017-06-13T08:30:14","date_gmt":"2017-06-13T06:30:14","guid":{"rendered":""},"modified":"2024-08-15T14:51:31","modified_gmt":"2024-08-15T12:51:31","slug":"batuta-cierra-de-gala-i-semestre-de-2017","status":"publish","type":"post","link":"https:\/\/vicerrectorias.utp.edu.co\/responsabilidad-social\/batuta-cierra-de-gala-i-semestre-de-2017\/","title":{"rendered":"Batuta cierra de gala I semestre de 2017"},"content":{"rendered":"\n<p><span class=\"post-content__span\"> Batuta cierra el I semestre de 2017 con una gran gala<\/p>\n\n\n\n<p><span class=\"post-content__span\"> 6&nbsp;<\/p>\n\n\n\n<p><span class=\"post-content__span\"> <img decoding=\"async\" alt=\"Batuta cierra el I semestre de 2017 con una gran gala\" src=\"https:\/\/comunicaciones.utp.edu.co\/wp-content\/uploads\/sites\/2\/batuta-12.jpg\">Con una magestuosa presentaci\u00f3n cargada de ilusi\u00f3n y encanto, la Corporaci\u00f3n Batuta Risaralda realiz\u00f3 el pasado s\u00e1bado 10 de junio la Audici\u00f3n Final para el Semestre 2017.<\/p>\n\n\n\n<p><span class=\"post-content__span\"> Durante el evento, 180 artistas de los 3 a\u00f1os en adelante, hicieron gala de sus habilidades en el coro y la interpretaci\u00f3n de instrumentos. Adem\u00e1s, se dieron cita los talentos musicales de la Orquesta de C\u00e1mara Batuta Comfamiliar y la Orquesta Sinf\u00f3nica Batuta Bellas Artes UTP.<\/p>\n\n\n\n<p><span class=\"post-content__span\"> Con piezas que fueron desde la m\u00fasica cl\u00e1sica, pasando por guabinas y torbellinos del folclor colombiano hasta el vallenato, los asistentes se deleitaron y recibieron un contundente mensaje de reconcialiaci\u00f3n.&nbsp;<\/p>\n\n\n\n<p><span class=\"post-content__span\"> Es de destacar que este primer semestre de 2017 deja grandes logros para la Corporaci\u00f3n:&nbsp;<\/p>\n\n\n\n<p><span class=\"post-content__span\"> La participaci\u00f3n en diferentes escenarios de Pereira realizando conciertos en articulaci\u00f3n con la UTP, Comfamiliar, la Gobernacion de Risaralda, la Alcald\u00eda de Pereira, la Universidad Cat\u00f3lica de Pereira, Fundeagro, entre otras instituciones.<\/p>\n\n\n\n<p><span class=\"post-content__span\"> Celebrando importantes fechas y festividades como:<\/p>\n\n\n\n<p><span class=\"post-content__span\"> \u2022\u00bbConcierto de Inauguraci\u00f3n de la nueva sede de Batuta &#8211; Risaralda\u00bb en la UTP.<\/p>\n\n\n\n<p><span class=\"post-content__span\"> \u2022\u00bbEl D\u00eda del idioma\u00bb en la UCP<\/p>\n\n\n\n<p><span class=\"post-content__span\"> \u2022\u00bbEl D\u00eda de la Familia en la UTP<\/p>\n\n\n\n<p><span class=\"post-content__span\"> \u2022\u00bbConciertos did\u00e1cticos\u00bb en:<\/p>\n\n\n\n<p><span class=\"post-content__span\"> &nbsp; &nbsp; &nbsp; * El Parque Consot\u00e1 Galicia.<br>&nbsp; &nbsp; &nbsp; * El Coloquio: paces, justicia y convivencia social (C\u00e1tedra de La Paz UTP)<br>&nbsp; &nbsp; &nbsp; * A\u00f1o Colombia ~ Francia 2017&nbsp;<\/p>\n\n\n\n<p><span class=\"post-content__span\"> \u2022\u00bbEntrega de kits escolares\u00bb en La Virginia (Fundeagro)<\/p>\n\n\n\n<p><span class=\"post-content__span\"> \u2022\u00bbConcierto coral de m\u00fasica infantil e in\u00e9dita\u00bb en la UTP<\/p>\n\n\n\n<p><span class=\"post-content__span\"> \u2022\u00bbConcierto Batuta &#8211; Utepitos\u00bb, celebraci\u00f3n del cumplea\u00f1os de la Casita utepitos<\/p>\n\n\n\n<p><span class=\"post-content__span\"> As\u00ed mismo se logr\u00f3 la consolidaci\u00f3n de espacios de formaci\u00f3n musical como:<\/p>\n\n\n\n<p><span class=\"post-content__span\"> \u2022Ciclo de seminarios \u00abFormador de formadores\u00bb Batuta &#8211; UTP<\/p>\n\n\n\n<p><span class=\"post-content__span\"> &nbsp; &nbsp; &nbsp;* Febrero: Formaci\u00f3n en ensambles musicales<\/p>\n\n\n\n<p><span class=\"post-content__span\"> &nbsp; &nbsp; &nbsp;* Abril: Formaci\u00f3n Coral&nbsp;<\/p>\n\n\n\n<p><span class=\"post-content__span\"> &nbsp; &nbsp; &nbsp;* Mayo: Iniciaci\u00f3n musical para la primera infancia<\/p>\n\n\n\n<p><span class=\"post-content__span\"> \u2022Clases magistrales en l\u00edneas instrumentales con importantes y reconocidos talleristas.<\/p>\n\n\n\n<p><span class=\"post-content__span\"> \u2022Proceso de formaci\u00f3n en flauta dulce.<\/p>\n\n\n\n<p><span class=\"post-content__span\"> \u2022Capacitaci\u00f3n continua de docentes y administrativos de la Corporaci\u00f3n Batuta Risaralda.<\/p>\n\n\n\n<p><span class=\"post-content__span\"> As\u00ed, se cierra este periodo y se abren las inscripciones para el segundo semestre de 2017, para el cual, Batuta traer\u00e1 muchas sorpresas m\u00e1s.<\/p>\n","protected":false},"excerpt":{"rendered":"<p>Batuta cierra el I semestre de 2017 con una gran gala 6&nbsp; Con una magestuosa presentaci\u00f3n cargada de ilusi\u00f3n y [&hellip;]<\/p>\n","protected":false},"author":0,"featured_media":60191,"comment_status":"closed","ping_status":"closed","sticky":false,"template":"","format":"standard","meta":{"footnotes":""},"categories":[3],"tags":[],"class_list":["post-3451","post","type-post","status-publish","format-standard","has-post-thumbnail","hentry","category-noticias"],"_links":{"self":[{"href":"https:\/\/vicerrectorias.utp.edu.co\/responsabilidad-social\/wp-json\/wp\/v2\/posts\/3451","targetHints":{"allow":["GET"]}}],"collection":[{"href":"https:\/\/vicerrectorias.utp.edu.co\/responsabilidad-social\/wp-json\/wp\/v2\/posts"}],"about":[{"href":"https:\/\/vicerrectorias.utp.edu.co\/responsabilidad-social\/wp-json\/wp\/v2\/types\/post"}],"replies":[{"embeddable":true,"href":"https:\/\/vicerrectorias.utp.edu.co\/responsabilidad-social\/wp-json\/wp\/v2\/comments?post=3451"}],"version-history":[{"count":2,"href":"https:\/\/vicerrectorias.utp.edu.co\/responsabilidad-social\/wp-json\/wp\/v2\/posts\/3451\/revisions"}],"predecessor-version":[{"id":9279,"href":"https:\/\/vicerrectorias.utp.edu.co\/responsabilidad-social\/wp-json\/wp\/v2\/posts\/3451\/revisions\/9279"}],"wp:featuredmedia":[{"embeddable":true,"href":"https:\/\/vicerrectorias.utp.edu.co\/responsabilidad-social\/wp-json\/wp\/v2\/media\/60191"}],"wp:attachment":[{"href":"https:\/\/vicerrectorias.utp.edu.co\/responsabilidad-social\/wp-json\/wp\/v2\/media?parent=3451"}],"wp:term":[{"taxonomy":"category","embeddable":true,"href":"https:\/\/vicerrectorias.utp.edu.co\/responsabilidad-social\/wp-json\/wp\/v2\/categories?post=3451"},{"taxonomy":"post_tag","embeddable":true,"href":"https:\/\/vicerrectorias.utp.edu.co\/responsabilidad-social\/wp-json\/wp\/v2\/tags?post=3451"}],"curies":[{"name":"wp","href":"https:\/\/api.w.org\/{rel}","templated":true}]}}