{"id":3441,"date":"2017-06-08T14:36:52","date_gmt":"2017-06-08T12:36:52","guid":{"rendered":""},"modified":"2024-08-20T08:50:06","modified_gmt":"2024-08-20T06:50:06","slug":"inclusion","status":"publish","type":"post","link":"https:\/\/vicerrectorias.utp.edu.co\/responsabilidad-social\/inclusion\/","title":{"rendered":"Inclusi\u00f3n"},"content":{"rendered":"\n<p><span class=\"post-content__span\"> <a href=\"https:\/\/www.youtube.com\/attribution_link?a=iSLyQgEjQ5Y&amp;u=%2Fwatch%3Fv%3DuA_lfN_853Q%26feature%3Dshare\" target=\"_blank\" rel=\"noreferrer noopener\">Vicerrector\u00eda de Responsabilidad Social &#8211; Inclusi\u00f3n<\/a><\/p>\n\n\n\n<p><span class=\"post-content__span\"> Conoce la historia de Jaison Mesa estudiante de Ingenier\u00eda Mecatr\u00f3nica, quien ha recibido apoyo socioecon\u00f3mico y gracias a la Vicerrector\u00eda de Responsabilidad Social y Bienestar Universitario<\/p>\n\n\n\n<p><span class=\"post-content__span\"> www.youtube.com\/watch?v=uA_lfN_853Q&amp;feature=share<\/p>\n\n\n\n<figure class=\"wp-block-embed is-type-video is-provider-youtube wp-block-embed-youtube wp-embed-aspect-16-9 wp-has-aspect-ratio\"><div class=\"wp-block-embed__wrapper\">\n<iframe loading=\"lazy\" title=\"Vicerrector\u00eda de Responsabilidad Social - Inclusio\u0301n\" width=\"500\" height=\"281\" src=\"https:\/\/www.youtube.com\/embed\/uA_lfN_853Q?feature=oembed\" frameborder=\"0\" allow=\"accelerometer; autoplay; clipboard-write; encrypted-media; gyroscope; picture-in-picture; web-share\" referrerpolicy=\"strict-origin-when-cross-origin\" allowfullscreen><\/iframe>\n<\/div><\/figure>\n\n\n\n<div>&nbsp;<\/div>\n","protected":false},"excerpt":{"rendered":"<p>Vicerrector\u00eda de Responsabilidad Social &#8211; Inclusi\u00f3n Conoce la historia de Jaison Mesa estudiante de Ingenier\u00eda Mecatr\u00f3nica, quien ha recibido apoyo [&hellip;]<\/p>\n","protected":false},"author":0,"featured_media":60190,"comment_status":"closed","ping_status":"closed","sticky":false,"template":"","format":"standard","meta":{"footnotes":""},"categories":[3],"tags":[],"class_list":["post-3441","post","type-post","status-publish","format-standard","has-post-thumbnail","hentry","category-noticias"],"_links":{"self":[{"href":"https:\/\/vicerrectorias.utp.edu.co\/responsabilidad-social\/wp-json\/wp\/v2\/posts\/3441","targetHints":{"allow":["GET"]}}],"collection":[{"href":"https:\/\/vicerrectorias.utp.edu.co\/responsabilidad-social\/wp-json\/wp\/v2\/posts"}],"about":[{"href":"https:\/\/vicerrectorias.utp.edu.co\/responsabilidad-social\/wp-json\/wp\/v2\/types\/post"}],"replies":[{"embeddable":true,"href":"https:\/\/vicerrectorias.utp.edu.co\/responsabilidad-social\/wp-json\/wp\/v2\/comments?post=3441"}],"version-history":[{"count":2,"href":"https:\/\/vicerrectorias.utp.edu.co\/responsabilidad-social\/wp-json\/wp\/v2\/posts\/3441\/revisions"}],"predecessor-version":[{"id":61111,"href":"https:\/\/vicerrectorias.utp.edu.co\/responsabilidad-social\/wp-json\/wp\/v2\/posts\/3441\/revisions\/61111"}],"wp:featuredmedia":[{"embeddable":true,"href":"https:\/\/vicerrectorias.utp.edu.co\/responsabilidad-social\/wp-json\/wp\/v2\/media\/60190"}],"wp:attachment":[{"href":"https:\/\/vicerrectorias.utp.edu.co\/responsabilidad-social\/wp-json\/wp\/v2\/media?parent=3441"}],"wp:term":[{"taxonomy":"category","embeddable":true,"href":"https:\/\/vicerrectorias.utp.edu.co\/responsabilidad-social\/wp-json\/wp\/v2\/categories?post=3441"},{"taxonomy":"post_tag","embeddable":true,"href":"https:\/\/vicerrectorias.utp.edu.co\/responsabilidad-social\/wp-json\/wp\/v2\/tags?post=3441"}],"curies":[{"name":"wp","href":"https:\/\/api.w.org\/{rel}","templated":true}]}}