{"id":3431,"date":"2017-06-08T10:31:21","date_gmt":"2017-06-08T08:31:21","guid":{"rendered":""},"modified":"2024-08-15T14:23:53","modified_gmt":"2024-08-15T12:23:53","slug":"recuerda-apoyos-socioeconomicos-semestre-2017-2","status":"publish","type":"post","link":"https:\/\/vicerrectorias.utp.edu.co\/responsabilidad-social\/recuerda-apoyos-socioeconomicos-semestre-2017-2\/","title":{"rendered":"Recuerda Apoyos Socioecon\u00f3micos Semestre 2017-2"},"content":{"rendered":"\n<p><span class=\"post-content__span\"> Apoyos Socioecon\u00f3micos Semestre 2017-2<\/p>\n\n\n\n<p><span class=\"post-content__span\"> Se informa a la comunidad universitaria que ya pueden solicitar apoyos socioecon\u00f3micos para el segundo semestre del presente a\u00f1o&nbsp;(Bono de Matr\u00edcula, Bono de Alimentaci\u00f3n, Bono de Transporte, Monitor\u00eda Social, Reliquidaci\u00f3n de Matricula)&nbsp;para el Semestre 2017-2. Estas solicitudes se realizan a trav\u00e9s del portal estudiantil el cual va a estar habilitado hasta el pr\u00f3ximo 12 de junio.<\/p>\n\n\n\n<p><span class=\"post-content__span\"> <a href=\"https:\/\/www.utp.edu.co\/cms-utp\/data\/bin\/UTP\/web\/uploads\/media\/comunicaciones\/documentos\/nuevo-documento-apoyos.pdf\">Ver requisitos y manual<\/a><\/p>\n","protected":false},"excerpt":{"rendered":"<p>Apoyos Socioecon\u00f3micos Semestre 2017-2 Se informa a la comunidad universitaria que ya pueden solicitar apoyos socioecon\u00f3micos para el segundo semestre [&hellip;]<\/p>\n","protected":false},"author":0,"featured_media":60189,"comment_status":"closed","ping_status":"closed","sticky":false,"template":"","format":"standard","meta":{"footnotes":""},"categories":[3],"tags":[],"class_list":["post-3431","post","type-post","status-publish","format-standard","has-post-thumbnail","hentry","category-noticias"],"_links":{"self":[{"href":"https:\/\/vicerrectorias.utp.edu.co\/responsabilidad-social\/wp-json\/wp\/v2\/posts\/3431","targetHints":{"allow":["GET"]}}],"collection":[{"href":"https:\/\/vicerrectorias.utp.edu.co\/responsabilidad-social\/wp-json\/wp\/v2\/posts"}],"about":[{"href":"https:\/\/vicerrectorias.utp.edu.co\/responsabilidad-social\/wp-json\/wp\/v2\/types\/post"}],"replies":[{"embeddable":true,"href":"https:\/\/vicerrectorias.utp.edu.co\/responsabilidad-social\/wp-json\/wp\/v2\/comments?post=3431"}],"version-history":[{"count":2,"href":"https:\/\/vicerrectorias.utp.edu.co\/responsabilidad-social\/wp-json\/wp\/v2\/posts\/3431\/revisions"}],"predecessor-version":[{"id":9281,"href":"https:\/\/vicerrectorias.utp.edu.co\/responsabilidad-social\/wp-json\/wp\/v2\/posts\/3431\/revisions\/9281"}],"wp:featuredmedia":[{"embeddable":true,"href":"https:\/\/vicerrectorias.utp.edu.co\/responsabilidad-social\/wp-json\/wp\/v2\/media\/60189"}],"wp:attachment":[{"href":"https:\/\/vicerrectorias.utp.edu.co\/responsabilidad-social\/wp-json\/wp\/v2\/media?parent=3431"}],"wp:term":[{"taxonomy":"category","embeddable":true,"href":"https:\/\/vicerrectorias.utp.edu.co\/responsabilidad-social\/wp-json\/wp\/v2\/categories?post=3431"},{"taxonomy":"post_tag","embeddable":true,"href":"https:\/\/vicerrectorias.utp.edu.co\/responsabilidad-social\/wp-json\/wp\/v2\/tags?post=3431"}],"curies":[{"name":"wp","href":"https:\/\/api.w.org\/{rel}","templated":true}]}}