{"id":3411,"date":"2017-05-31T09:02:05","date_gmt":"2017-05-31T07:02:05","guid":{"rendered":""},"modified":"2024-08-15T15:52:48","modified_gmt":"2024-08-15T13:52:48","slug":"acceso-a-la-salud-para-jovenes","status":"publish","type":"post","link":"https:\/\/vicerrectorias.utp.edu.co\/responsabilidad-social\/acceso-a-la-salud-para-jovenes\/","title":{"rendered":"Acceso a la salud para jovenes"},"content":{"rendered":"\n<p><span class=\"post-content__span\"> <strong>PRESENTACI\u00d3N GENERAL DEL EVENTO<\/strong><\/p>\n\n\n\n<p><span class=\"post-content__span\"> Muchos de nuestros estudiantes presentan dificultades para el acceso a consulta especializada, servicios de salud de complejidad media y alta, atenci\u00f3n de urgencias.<\/p>\n\n\n\n<p><span class=\"post-content__span\"> Lo anterior, es debido a dificultades relacionadas con el puntaje del SISBEN, barreras para el acceso al r\u00e9gimen contributivo, problemas socioecon\u00f3micos, familiares, desconocimiento de procedimientos como portabilidad y traslado de EPS o por debilidades en la atenci\u00f3n de las entidades de salud. En todos los casos, se hace necesario que el estudiante conozca su derecho a la salud y la forma como puede reclamarlo.<\/p>\n\n\n\n<p><span class=\"post-content__span\"> En tal sentido, se ha programado un espacio con el Superintendente Nacional de Salud Delegado para la protecci\u00f3n del derecho a la salud.<\/p>\n\n\n\n<p><span class=\"post-content__span\"> Los objetivos son:<\/p>\n\n\n\n<p><span class=\"post-content__span\"> <strong>OBJETIVO GENERAL<\/strong><\/p>\n\n\n\n<ul class=\"wp-block-list\"><li>Contextualizar a la comunidad estudiantil, sobre el derecho a la salud y la oferta institucional relacionada con dicho derecho.<\/li><\/ul>\n\n\n\n<p><span class=\"post-content__span\"> <strong>OBJETIVOS ESPECIFICOS<\/strong><\/p>\n\n\n\n<p><span class=\"post-content__span\"> * Reconocer las dificultades de acceso al sistema de salud para los estudiantes de la UTP.<\/p>\n\n\n\n<p><span class=\"post-content__span\"> * Identificar las rutas para el acceso al derecho a la salud, seg\u00fan las diferentes instituciones (Superintendencia Nacional de Salud, SISBEN, Entes territoriales.)<\/p>\n\n\n\n<p><span class=\"post-content__span\"> * Difundir el procedimiento para realizar la portabilidad de las EPS \u00f3 EAPB.<\/p>\n\n\n\n<figure class=\"wp-block-image\"><img decoding=\"async\" src=\"https:\/\/vicerrectorias.utp.edu.co\/responsabilidad-social\/wp-content\/uploads\/sites\/12\/evento%2031%20mayo.PNG\" alt=\"\"\/><\/figure>\n","protected":false},"excerpt":{"rendered":"<p>PRESENTACI\u00d3N GENERAL DEL EVENTO Muchos de nuestros estudiantes presentan dificultades para el acceso a consulta especializada, servicios de salud de [&hellip;]<\/p>\n","protected":false},"author":0,"featured_media":60187,"comment_status":"closed","ping_status":"closed","sticky":false,"template":"","format":"standard","meta":{"footnotes":""},"categories":[3],"tags":[],"class_list":["post-3411","post","type-post","status-publish","format-standard","has-post-thumbnail","hentry","category-noticias"],"_links":{"self":[{"href":"https:\/\/vicerrectorias.utp.edu.co\/responsabilidad-social\/wp-json\/wp\/v2\/posts\/3411","targetHints":{"allow":["GET"]}}],"collection":[{"href":"https:\/\/vicerrectorias.utp.edu.co\/responsabilidad-social\/wp-json\/wp\/v2\/posts"}],"about":[{"href":"https:\/\/vicerrectorias.utp.edu.co\/responsabilidad-social\/wp-json\/wp\/v2\/types\/post"}],"replies":[{"embeddable":true,"href":"https:\/\/vicerrectorias.utp.edu.co\/responsabilidad-social\/wp-json\/wp\/v2\/comments?post=3411"}],"version-history":[{"count":1,"href":"https:\/\/vicerrectorias.utp.edu.co\/responsabilidad-social\/wp-json\/wp\/v2\/posts\/3411\/revisions"}],"predecessor-version":[{"id":9283,"href":"https:\/\/vicerrectorias.utp.edu.co\/responsabilidad-social\/wp-json\/wp\/v2\/posts\/3411\/revisions\/9283"}],"wp:featuredmedia":[{"embeddable":true,"href":"https:\/\/vicerrectorias.utp.edu.co\/responsabilidad-social\/wp-json\/wp\/v2\/media\/60187"}],"wp:attachment":[{"href":"https:\/\/vicerrectorias.utp.edu.co\/responsabilidad-social\/wp-json\/wp\/v2\/media?parent=3411"}],"wp:term":[{"taxonomy":"category","embeddable":true,"href":"https:\/\/vicerrectorias.utp.edu.co\/responsabilidad-social\/wp-json\/wp\/v2\/categories?post=3411"},{"taxonomy":"post_tag","embeddable":true,"href":"https:\/\/vicerrectorias.utp.edu.co\/responsabilidad-social\/wp-json\/wp\/v2\/tags?post=3411"}],"curies":[{"name":"wp","href":"https:\/\/api.w.org\/{rel}","templated":true}]}}