{"id":3381,"date":"2017-05-24T16:10:29","date_gmt":"2017-05-24T14:10:29","guid":{"rendered":""},"modified":"2024-08-16T14:33:46","modified_gmt":"2024-08-16T12:33:46","slug":"estreno-obra-de-teatro-la-lluvia-y-la-nada","status":"publish","type":"post","link":"https:\/\/vicerrectorias.utp.edu.co\/responsabilidad-social\/estreno-obra-de-teatro-la-lluvia-y-la-nada\/","title":{"rendered":"ESTRENO OBRA DE TEATRO: \u201c LA LLUVIA Y LA NADA"},"content":{"rendered":"\n<p><span class=\"post-content__span\"> <strong>EL GRUPO DE TEATRO \u201c LA ESCAFANDRA UTP\u201d,&nbsp;LA&nbsp;VICERRECTOR\u00cdA&nbsp;DE RESPONSABILIDAD SOCIAL Y&nbsp;BIENESTAR&nbsp;UNIVERSITARIO, FORMACI\u00d3N PARA LA&nbsp;VIDA &#8211; CULTURA Y&nbsp;DIVULGACI\u00d3N&nbsp;EN EL&nbsp;PROGRAMA JUEVES DE TEATRO INVITAN AL ESTRENO DE LA OBRA:<\/strong><\/p>\n\n\n\n<p><span class=\"post-content__span\"> <strong>\u201c LA LLUVIA Y LA NADA\u201d<br>Con la direccio\u0301n de JULIO CESAR SANCHEZ NARANJO Docente Facultad de Ciencias de la Salud UTP<\/strong><\/p>\n\n\n\n<p><span class=\"post-content__span\"> <strong>AUDITORIO JORGE ROA MARTINEZ JUEVES 25 DE MAYO 7 Y 30 PM<\/strong><\/p>\n\n\n\n<p><span class=\"post-content__span\"> <strong>ENTRADA LIBRE&nbsp;<\/strong><\/p>\n\n\n\n<figure class=\"wp-block-image size-full\"><img loading=\"lazy\" decoding=\"async\" width=\"2257\" height=\"3300\" src=\"https:\/\/vicerrectorias.utp.edu.co\/responsabilidad-social\/wp-content\/uploads\/sites\/12\/Sin-titulo-12.jpg\" alt=\"\" class=\"wp-image-60990\"\/><\/figure>\n","protected":false},"excerpt":{"rendered":"<p>EL GRUPO DE TEATRO \u201c LA ESCAFANDRA UTP\u201d,&nbsp;LA&nbsp;VICERRECTOR\u00cdA&nbsp;DE RESPONSABILIDAD SOCIAL Y&nbsp;BIENESTAR&nbsp;UNIVERSITARIO, FORMACI\u00d3N PARA LA&nbsp;VIDA &#8211; CULTURA Y&nbsp;DIVULGACI\u00d3N&nbsp;EN EL&nbsp;PROGRAMA JUEVES DE [&hellip;]<\/p>\n","protected":false},"author":0,"featured_media":60184,"comment_status":"closed","ping_status":"closed","sticky":false,"template":"","format":"standard","meta":{"footnotes":""},"categories":[3],"tags":[],"class_list":["post-3381","post","type-post","status-publish","format-standard","has-post-thumbnail","hentry","category-noticias"],"_links":{"self":[{"href":"https:\/\/vicerrectorias.utp.edu.co\/responsabilidad-social\/wp-json\/wp\/v2\/posts\/3381","targetHints":{"allow":["GET"]}}],"collection":[{"href":"https:\/\/vicerrectorias.utp.edu.co\/responsabilidad-social\/wp-json\/wp\/v2\/posts"}],"about":[{"href":"https:\/\/vicerrectorias.utp.edu.co\/responsabilidad-social\/wp-json\/wp\/v2\/types\/post"}],"replies":[{"embeddable":true,"href":"https:\/\/vicerrectorias.utp.edu.co\/responsabilidad-social\/wp-json\/wp\/v2\/comments?post=3381"}],"version-history":[{"count":3,"href":"https:\/\/vicerrectorias.utp.edu.co\/responsabilidad-social\/wp-json\/wp\/v2\/posts\/3381\/revisions"}],"predecessor-version":[{"id":60991,"href":"https:\/\/vicerrectorias.utp.edu.co\/responsabilidad-social\/wp-json\/wp\/v2\/posts\/3381\/revisions\/60991"}],"wp:featuredmedia":[{"embeddable":true,"href":"https:\/\/vicerrectorias.utp.edu.co\/responsabilidad-social\/wp-json\/wp\/v2\/media\/60184"}],"wp:attachment":[{"href":"https:\/\/vicerrectorias.utp.edu.co\/responsabilidad-social\/wp-json\/wp\/v2\/media?parent=3381"}],"wp:term":[{"taxonomy":"category","embeddable":true,"href":"https:\/\/vicerrectorias.utp.edu.co\/responsabilidad-social\/wp-json\/wp\/v2\/categories?post=3381"},{"taxonomy":"post_tag","embeddable":true,"href":"https:\/\/vicerrectorias.utp.edu.co\/responsabilidad-social\/wp-json\/wp\/v2\/tags?post=3381"}],"curies":[{"name":"wp","href":"https:\/\/api.w.org\/{rel}","templated":true}]}}