{"id":3371,"date":"2017-05-24T08:17:56","date_gmt":"2017-05-24T06:17:56","guid":{"rendered":""},"modified":"2024-08-20T09:46:00","modified_gmt":"2024-08-20T07:46:00","slug":"la-utp-es-la-virginia","status":"publish","type":"post","link":"https:\/\/vicerrectorias.utp.edu.co\/responsabilidad-social\/la-utp-es-la-virginia\/","title":{"rendered":"La UTP es La Virginia"},"content":{"rendered":"\n<p><span class=\"post-content__span\"> La UTP es La Virginia<\/p>\n\n\n\n<p><span class=\"post-content__span\"> Como una iniciativa que busca promover la solidaridad de la comunidad universitaria para apoyar a los damnificados del municipio de La Virginia afectados por la ola invernal en el Departamento, se genera la campa\u00f1a \u201cLa UTP es La Virginia\u201d.<\/p>\n\n\n\n<p><span class=\"post-content__span\"> Es as\u00ed que convocando al esp\u00edritu solidario de los universitarios se ha puesto en marcha una estrategia para apoyar a los damnificados por la inundaci\u00f3n ocurrida el 10 de mayo causada por el desbordamiento del r\u00edo Cauca.<\/p>\n\n\n\n<p><span class=\"post-content__span\"> Por lo cual se gest\u00f3 conjuntamente una iniciativa para la recepci\u00f3n y entrega de recursos que sean de utilidad para los damnificados, estableciendo inicialmente como punto de acopio la 206 del Edificio #2.<\/p>\n\n\n\n<p><span class=\"post-content__span\"> <strong>Puntos de acopio para la recepci\u00f3n de enceres:<\/strong><\/p>\n\n\n\n<ul class=\"wp-block-list\">\n<li><strong>Edificio # 3 &#8211; Oficina 305 \u2013 Asociaci\u00f3n de Egresados<\/strong><\/li>\n\n\n\n<li><strong>Edificio # 7 \u2013 Emisora Universitaria Est\u00e9reo<\/strong><\/li>\n\n\n\n<li><strong>Edificio # 2 \u2013 Oficina 206<\/strong><\/li>\n<\/ul>\n\n\n\n<p><span class=\"post-content__span\"> <strong>Elementos f\u00edsicos:<\/strong><\/p>\n\n\n\n<p><span class=\"post-content__span\"> &#8211;&nbsp;&nbsp;&nbsp;&nbsp;&nbsp;&nbsp;&nbsp;&nbsp;&nbsp; Medicamentos no vencidos y en buen estado.<\/p>\n\n\n\n<p><span class=\"post-content__span\"> &#8211;&nbsp;&nbsp;&nbsp;&nbsp;&nbsp;&nbsp;&nbsp;&nbsp;&nbsp; Elementos de aseo personal (jab\u00f3n, shampoo, dent\u00edfrico, cepillos de dientes, toallas,&nbsp; entre otros).<\/p>\n\n\n\n<p><span class=\"post-content__span\"> &#8211;&nbsp;&nbsp;&nbsp;&nbsp;&nbsp;&nbsp;&nbsp;&nbsp;&nbsp; Toallas higi\u00e9nicas, pa\u00f1ales, pa\u00f1itos h\u00famedos, crema antipa\u00f1alitis, curas, gasas, alcohol, vendas, etc.<\/p>\n\n\n\n<p><span class=\"post-content__span\"> &#8211;&nbsp;&nbsp;&nbsp;&nbsp;&nbsp;&nbsp;&nbsp;&nbsp;&nbsp; Ropa limpia buen estado o nueva.<\/p>\n\n\n\n<p><span class=\"post-content__span\"> &#8211;&nbsp;&nbsp;&nbsp;&nbsp;&nbsp;&nbsp;&nbsp;&nbsp;&nbsp; Colchonetas, carpas pl\u00e1sticas, frazadas, corrales.<\/p>\n\n\n\n<p><span class=\"post-content__span\"> &#8211;&nbsp;&nbsp;&nbsp;&nbsp;&nbsp;&nbsp;&nbsp;&nbsp;&nbsp; Alimentos no perecederos (enlatados, granos, cereales).<\/p>\n\n\n\n<p><span class=\"post-content__span\"> &#8211;&nbsp;&nbsp;&nbsp;&nbsp;&nbsp;&nbsp;&nbsp;&nbsp;&nbsp; Velas, bater\u00edas para linterna, para celular, encendedores.<\/p>\n\n\n\n<p><span class=\"post-content__span\"> &#8211;&nbsp;&nbsp;&nbsp;&nbsp;&nbsp;&nbsp;&nbsp;&nbsp;&nbsp; Agua embotellada, debidamente marcada \u2013 seg\u00fan el uso<\/p>\n\n\n\n<p><span class=\"post-content__span\"> &#8211;&nbsp;&nbsp;&nbsp;&nbsp;&nbsp;&nbsp;&nbsp;&nbsp;&nbsp; Bolsas Pl\u00e1sticas.<\/p>\n\n\n\n<p><span class=\"post-content__span\"> &#8211;&nbsp;&nbsp;&nbsp;&nbsp;&nbsp;&nbsp;&nbsp;&nbsp;&nbsp; Menaje (Vajillas pl\u00e1sticas, ollas, utensilios de cocina, cubiertos), quemadores.<\/p>\n\n\n\n<p><span class=\"post-content__span\"> &#8211; Alimentos no perecederos.<\/p>\n","protected":false},"excerpt":{"rendered":"<p>La UTP es La Virginia Como una iniciativa que busca promover la solidaridad de la comunidad universitaria para apoyar a [&hellip;]<\/p>\n","protected":false},"author":0,"featured_media":60183,"comment_status":"closed","ping_status":"closed","sticky":false,"template":"","format":"standard","meta":{"footnotes":""},"categories":[3],"tags":[],"class_list":["post-3371","post","type-post","status-publish","format-standard","has-post-thumbnail","hentry","category-noticias"],"_links":{"self":[{"href":"https:\/\/vicerrectorias.utp.edu.co\/responsabilidad-social\/wp-json\/wp\/v2\/posts\/3371","targetHints":{"allow":["GET"]}}],"collection":[{"href":"https:\/\/vicerrectorias.utp.edu.co\/responsabilidad-social\/wp-json\/wp\/v2\/posts"}],"about":[{"href":"https:\/\/vicerrectorias.utp.edu.co\/responsabilidad-social\/wp-json\/wp\/v2\/types\/post"}],"replies":[{"embeddable":true,"href":"https:\/\/vicerrectorias.utp.edu.co\/responsabilidad-social\/wp-json\/wp\/v2\/comments?post=3371"}],"version-history":[{"count":2,"href":"https:\/\/vicerrectorias.utp.edu.co\/responsabilidad-social\/wp-json\/wp\/v2\/posts\/3371\/revisions"}],"predecessor-version":[{"id":61167,"href":"https:\/\/vicerrectorias.utp.edu.co\/responsabilidad-social\/wp-json\/wp\/v2\/posts\/3371\/revisions\/61167"}],"wp:featuredmedia":[{"embeddable":true,"href":"https:\/\/vicerrectorias.utp.edu.co\/responsabilidad-social\/wp-json\/wp\/v2\/media\/60183"}],"wp:attachment":[{"href":"https:\/\/vicerrectorias.utp.edu.co\/responsabilidad-social\/wp-json\/wp\/v2\/media?parent=3371"}],"wp:term":[{"taxonomy":"category","embeddable":true,"href":"https:\/\/vicerrectorias.utp.edu.co\/responsabilidad-social\/wp-json\/wp\/v2\/categories?post=3371"},{"taxonomy":"post_tag","embeddable":true,"href":"https:\/\/vicerrectorias.utp.edu.co\/responsabilidad-social\/wp-json\/wp\/v2\/tags?post=3371"}],"curies":[{"name":"wp","href":"https:\/\/api.w.org\/{rel}","templated":true}]}}