{"id":3361,"date":"2017-05-22T14:40:43","date_gmt":"2017-05-22T12:40:43","guid":{"rendered":""},"modified":"2024-08-15T15:52:49","modified_gmt":"2024-08-15T13:52:49","slug":"apoyos-socioeconomicos-semestre-2017-2","status":"publish","type":"post","link":"https:\/\/vicerrectorias.utp.edu.co\/responsabilidad-social\/apoyos-socioeconomicos-semestre-2017-2\/","title":{"rendered":"Apoyos Socioecon\u00f3micos Semestre 2017-2"},"content":{"rendered":"\n<div>\n<p><span class=\"post-content__span\"> Apoyos Socioecon\u00f3micos Semestre 2017-2<\/p>\n<\/div>\n\n\n\n<div>\n<div>\n<div>&nbsp;<\/div>\n<\/div>\n<div>\n<div>\n<p><span class=\"post-content__span\"> Se informa a la comunidad universitaria que ya pueden solicitar apoyos socioecon\u00f3micos para el segundo semestre del presente a\u00f1o&nbsp;(Bono de Matr\u00edcula, Bono de Alimentaci\u00f3n, Bono de Transporte, Monitor\u00eda Social, Reliquidaci\u00f3n de Matricula)&nbsp;para el Semestre 2017-2. Estas solicitudes se realizan a trav\u00e9s del portal estudiantil el cual va a estar habilitado hasta el pr\u00f3ximo 12 de junio.<\/p>\n<p><span class=\"post-content__span\"> <a rel=\"nofollow\" href=\"https:\/\/www.utp.edu.co\/cms-utp\/data\/bin\/UTP\/web\/uploads\/media\/comunicaciones\/documentos\/Manual-Solicitud-Apoyos-Socioeconomicos.pdf\">Ver requisitos y manual<\/a><\/p>\n<\/div>\n<\/div>\n<\/div>\n","protected":false},"excerpt":{"rendered":"<p>Apoyos Socioecon\u00f3micos Semestre 2017-2 &nbsp; Se informa a la comunidad universitaria que ya pueden solicitar apoyos socioecon\u00f3micos para el segundo [&hellip;]<\/p>\n","protected":false},"author":0,"featured_media":60182,"comment_status":"closed","ping_status":"closed","sticky":false,"template":"","format":"standard","meta":{"footnotes":""},"categories":[3],"tags":[],"class_list":["post-3361","post","type-post","status-publish","format-standard","has-post-thumbnail","hentry","category-noticias"],"_links":{"self":[{"href":"https:\/\/vicerrectorias.utp.edu.co\/responsabilidad-social\/wp-json\/wp\/v2\/posts\/3361","targetHints":{"allow":["GET"]}}],"collection":[{"href":"https:\/\/vicerrectorias.utp.edu.co\/responsabilidad-social\/wp-json\/wp\/v2\/posts"}],"about":[{"href":"https:\/\/vicerrectorias.utp.edu.co\/responsabilidad-social\/wp-json\/wp\/v2\/types\/post"}],"replies":[{"embeddable":true,"href":"https:\/\/vicerrectorias.utp.edu.co\/responsabilidad-social\/wp-json\/wp\/v2\/comments?post=3361"}],"version-history":[{"count":1,"href":"https:\/\/vicerrectorias.utp.edu.co\/responsabilidad-social\/wp-json\/wp\/v2\/posts\/3361\/revisions"}],"predecessor-version":[{"id":9288,"href":"https:\/\/vicerrectorias.utp.edu.co\/responsabilidad-social\/wp-json\/wp\/v2\/posts\/3361\/revisions\/9288"}],"wp:featuredmedia":[{"embeddable":true,"href":"https:\/\/vicerrectorias.utp.edu.co\/responsabilidad-social\/wp-json\/wp\/v2\/media\/60182"}],"wp:attachment":[{"href":"https:\/\/vicerrectorias.utp.edu.co\/responsabilidad-social\/wp-json\/wp\/v2\/media?parent=3361"}],"wp:term":[{"taxonomy":"category","embeddable":true,"href":"https:\/\/vicerrectorias.utp.edu.co\/responsabilidad-social\/wp-json\/wp\/v2\/categories?post=3361"},{"taxonomy":"post_tag","embeddable":true,"href":"https:\/\/vicerrectorias.utp.edu.co\/responsabilidad-social\/wp-json\/wp\/v2\/tags?post=3361"}],"curies":[{"name":"wp","href":"https:\/\/api.w.org\/{rel}","templated":true}]}}