{"id":3311,"date":"2017-05-11T08:26:10","date_gmt":"2017-05-11T06:26:10","guid":{"rendered":""},"modified":"2024-08-15T15:52:49","modified_gmt":"2024-08-15T13:52:49","slug":"dialogo-estudiantes-ciencias-de-la-salud","status":"publish","type":"post","link":"https:\/\/vicerrectorias.utp.edu.co\/responsabilidad-social\/dialogo-estudiantes-ciencias-de-la-salud\/","title":{"rendered":"Di\u00e1logo Estudiantes Ciencias de la Salud"},"content":{"rendered":"\n<p><span class=\"post-content__span\"> Di\u00e1logo con Estudiantes e Informe de Gesti\u00f3n de la Facultad de Ciencias de la Educaci\u00f3n<\/p>\n\n\n\n<p><span class=\"post-content__span\"> <strong>&nbsp;<\/strong>Para a conocer el quehacer de cada una de las facultades y generar una relaci\u00f3n cercana entre estudiantes, academia y alta direcci\u00f3n, se programaron los Di\u00e1logos con Estudiantes e Informes de Gesti\u00f3n 2016. Este jueves 11 de mayo el turno le corresponde a la Facultad de Ciencias de la Educaci\u00f3n y para lo cual estamos invitando a estudiantes, directivos, docentes y administrativos de la misma.<\/p>\n\n\n\n<p><span class=\"post-content__span\"> LOS ESPERAMOS!<\/p>\n\n\n\n<figure class=\"wp-block-image\"><img decoding=\"async\" src=\"https:\/\/comunicaciones.utp.edu.co\/wp-content\/uploads\/sites\/2\/dia-2.jpg\" alt=\"\"\/><\/figure>\n\n\n\n<p><span class=\"post-content__span\"> \u00daltima actualizaci\u00f3n: Miercoles, Mayo 10, 2017 5:14 PM<br>\nPor: Oficina de Planeaci\u00f3n<\/p>\n\n\n\n<p><span class=\"post-content__span\"> <strong>Comparte<\/strong><\/p>\n\n\n\n<ul class=\"wp-block-list\"><li>&nbsp;<\/li><li>&nbsp;<\/li><li>\n<p><span class=\"post-content__span\"> &nbsp;<\/p>\n<\/li><li>\n\t&nbsp;<\/li><\/ul>\n","protected":false},"excerpt":{"rendered":"<p>Di\u00e1logo con Estudiantes e Informe de Gesti\u00f3n de la Facultad de Ciencias de la Educaci\u00f3n &nbsp;Para a conocer el quehacer [&hellip;]<\/p>\n","protected":false},"author":0,"featured_media":60176,"comment_status":"closed","ping_status":"closed","sticky":false,"template":"","format":"standard","meta":{"footnotes":""},"categories":[3],"tags":[],"class_list":["post-3311","post","type-post","status-publish","format-standard","has-post-thumbnail","hentry","category-noticias"],"_links":{"self":[{"href":"https:\/\/vicerrectorias.utp.edu.co\/responsabilidad-social\/wp-json\/wp\/v2\/posts\/3311","targetHints":{"allow":["GET"]}}],"collection":[{"href":"https:\/\/vicerrectorias.utp.edu.co\/responsabilidad-social\/wp-json\/wp\/v2\/posts"}],"about":[{"href":"https:\/\/vicerrectorias.utp.edu.co\/responsabilidad-social\/wp-json\/wp\/v2\/types\/post"}],"replies":[{"embeddable":true,"href":"https:\/\/vicerrectorias.utp.edu.co\/responsabilidad-social\/wp-json\/wp\/v2\/comments?post=3311"}],"version-history":[{"count":1,"href":"https:\/\/vicerrectorias.utp.edu.co\/responsabilidad-social\/wp-json\/wp\/v2\/posts\/3311\/revisions"}],"predecessor-version":[{"id":9293,"href":"https:\/\/vicerrectorias.utp.edu.co\/responsabilidad-social\/wp-json\/wp\/v2\/posts\/3311\/revisions\/9293"}],"wp:featuredmedia":[{"embeddable":true,"href":"https:\/\/vicerrectorias.utp.edu.co\/responsabilidad-social\/wp-json\/wp\/v2\/media\/60176"}],"wp:attachment":[{"href":"https:\/\/vicerrectorias.utp.edu.co\/responsabilidad-social\/wp-json\/wp\/v2\/media?parent=3311"}],"wp:term":[{"taxonomy":"category","embeddable":true,"href":"https:\/\/vicerrectorias.utp.edu.co\/responsabilidad-social\/wp-json\/wp\/v2\/categories?post=3311"},{"taxonomy":"post_tag","embeddable":true,"href":"https:\/\/vicerrectorias.utp.edu.co\/responsabilidad-social\/wp-json\/wp\/v2\/tags?post=3311"}],"curies":[{"name":"wp","href":"https:\/\/api.w.org\/{rel}","templated":true}]}}