{"id":3301,"date":"2017-05-10T09:25:35","date_gmt":"2017-05-10T07:25:35","guid":{"rendered":""},"modified":"2024-08-15T15:52:49","modified_gmt":"2024-08-15T13:52:49","slug":"conciertos-orquesta-sinfonica-utp-mes-de-mayo","status":"publish","type":"post","link":"https:\/\/vicerrectorias.utp.edu.co\/responsabilidad-social\/conciertos-orquesta-sinfonica-utp-mes-de-mayo\/","title":{"rendered":"Conciertos Orquesta Sinf\u00f3nica UTP mes de Mayo"},"content":{"rendered":"\n<p><span class=\"post-content__span\"> Conciertos Orquesta Sinf\u00f3nica UTP<\/p>\n\n\n\n<p><span class=\"post-content__span\"> A continuaci\u00f3n se comparte la programaci\u00f3n de los conciertos que realizar\u00e1 la Orquesta Sinf\u00f3nica de la UTP en el mes de mayo.<\/p>\n\n\n\n<p><span class=\"post-content__span\"> Concierto Orquesta Sinf\u00f3nica de la Universidad Tecnol\u00f3gica de Pereira<\/p>\n\n\n\n<p><span class=\"post-content__span\"> D\u00eda: 23 de mayo de 2017<\/p>\n\n\n\n<p><span class=\"post-content__span\"> Lugar: auditorio de bellas artes de Risaralda UTP<\/p>\n\n\n\n<p><span class=\"post-content__span\"> Hora: 6 pm<\/p>\n\n\n\n<p><span class=\"post-content__span\"> Programa:<\/p>\n\n\n\n<ul class=\"wp-block-list\"><li>Obertura \u201c Don Giovanni\u201d, Wolfgang Amadeus Mozart<\/li><li>Concierto en LA mayor para piano y orquesta KV414,&nbsp; Wolfgang Amadeus Mozart<\/li><li>Danz\u00f3n No 2, Arturo M\u00e1rquez<\/li><\/ul>\n\n\n\n<p><span class=\"post-content__span\"> Concierto Orquesta Sinf\u00f3nica de la Universidad Tecnol\u00f3gica de Pereira<\/p>\n\n\n\n<p><span class=\"post-content__span\"> D\u00eda:&nbsp; 28 mayo de 2017<\/p>\n\n\n\n<p><span class=\"post-content__span\"> Lugar: Auditorio Casa de la Cultura de la Virginia<\/p>\n\n\n\n<p><span class=\"post-content__span\"> Hora: 7 pm<\/p>\n\n\n\n<p><span class=\"post-content__span\"> Programa:<\/p>\n\n\n\n<ul class=\"wp-block-list\"><li>Himno de Risaralda, letra: Luis Carlos Gonzales, m\u00fasica: Laureano Betancourt, Orquestaci\u00f3n: Louis Tilleet<\/li><li>Obertura \u201c Don Giovanni\u201d, Wolfgang Amadeus Mozart<\/li><li>Pavana para una infanta difunta, Maurice Ravel<\/li><li>Sinfon\u00eda No 8 en SI menor, \u201cinconclusa\u201d, Franz Schubert<\/li><li>El Pereirano, Camilo Bedoya, arreglo Fredy Mu\u00f1oz N.<\/li><\/ul>\n","protected":false},"excerpt":{"rendered":"<p>Conciertos Orquesta Sinf\u00f3nica UTP A continuaci\u00f3n se comparte la programaci\u00f3n de los conciertos que realizar\u00e1 la Orquesta Sinf\u00f3nica de la [&hellip;]<\/p>\n","protected":false},"author":0,"featured_media":60175,"comment_status":"closed","ping_status":"closed","sticky":false,"template":"","format":"standard","meta":{"footnotes":""},"categories":[3],"tags":[],"class_list":["post-3301","post","type-post","status-publish","format-standard","has-post-thumbnail","hentry","category-noticias"],"_links":{"self":[{"href":"https:\/\/vicerrectorias.utp.edu.co\/responsabilidad-social\/wp-json\/wp\/v2\/posts\/3301","targetHints":{"allow":["GET"]}}],"collection":[{"href":"https:\/\/vicerrectorias.utp.edu.co\/responsabilidad-social\/wp-json\/wp\/v2\/posts"}],"about":[{"href":"https:\/\/vicerrectorias.utp.edu.co\/responsabilidad-social\/wp-json\/wp\/v2\/types\/post"}],"replies":[{"embeddable":true,"href":"https:\/\/vicerrectorias.utp.edu.co\/responsabilidad-social\/wp-json\/wp\/v2\/comments?post=3301"}],"version-history":[{"count":1,"href":"https:\/\/vicerrectorias.utp.edu.co\/responsabilidad-social\/wp-json\/wp\/v2\/posts\/3301\/revisions"}],"predecessor-version":[{"id":9294,"href":"https:\/\/vicerrectorias.utp.edu.co\/responsabilidad-social\/wp-json\/wp\/v2\/posts\/3301\/revisions\/9294"}],"wp:featuredmedia":[{"embeddable":true,"href":"https:\/\/vicerrectorias.utp.edu.co\/responsabilidad-social\/wp-json\/wp\/v2\/media\/60175"}],"wp:attachment":[{"href":"https:\/\/vicerrectorias.utp.edu.co\/responsabilidad-social\/wp-json\/wp\/v2\/media?parent=3301"}],"wp:term":[{"taxonomy":"category","embeddable":true,"href":"https:\/\/vicerrectorias.utp.edu.co\/responsabilidad-social\/wp-json\/wp\/v2\/categories?post=3301"},{"taxonomy":"post_tag","embeddable":true,"href":"https:\/\/vicerrectorias.utp.edu.co\/responsabilidad-social\/wp-json\/wp\/v2\/tags?post=3301"}],"curies":[{"name":"wp","href":"https:\/\/api.w.org\/{rel}","templated":true}]}}