{"id":3291,"date":"2017-05-09T08:41:01","date_gmt":"2017-05-09T06:41:01","guid":{"rendered":""},"modified":"2024-08-15T15:52:49","modified_gmt":"2024-08-15T13:52:49","slug":"dialogo-estudiantes-jornada-especial","status":"publish","type":"post","link":"https:\/\/vicerrectorias.utp.edu.co\/responsabilidad-social\/dialogo-estudiantes-jornada-especial\/","title":{"rendered":"Di\u00e1logo Estudiantes Jornada especial"},"content":{"rendered":"\n<p><span class=\"post-content__span\"> Di\u00e1logo con Estudiantes e Informe de Gesti\u00f3n de la Jornada Especial<\/p>\n\n\n\n<p><span class=\"post-content__span\"> Para dar a conocer&nbsp;el quehacer de cada una de las facultades y generar una relaci\u00f3n cercana entre estudiantes, academia y alta direcci\u00f3n, se programaron los Di\u00e1logos con Estudiantes e Informes de Gesti\u00f3n 2016. Este 9 de mayo el turno le corresponde a&nbsp;la Jornada Especial y para lo cual estamos invitando a estudiantes, directivos, docentes y administrativos de la misma.<br>\n\u00a1Los esperamos!&nbsp;<\/p>\n\n\n\n<figure class=\"wp-block-image\"><img decoding=\"async\" src=\"https:\/\/comunicaciones.utp.edu.co\/wp-content\/uploads\/sites\/2\/Dialogo-con-Estudiantes-e-Informe-de-Gestion-de-la-Jornada-Especial.jpg\" alt=\"\"\/><\/figure>\n","protected":false},"excerpt":{"rendered":"<p>Di\u00e1logo con Estudiantes e Informe de Gesti\u00f3n de la Jornada Especial Para dar a conocer&nbsp;el quehacer de cada una de [&hellip;]<\/p>\n","protected":false},"author":0,"featured_media":60174,"comment_status":"closed","ping_status":"closed","sticky":false,"template":"","format":"standard","meta":{"footnotes":""},"categories":[3],"tags":[],"class_list":["post-3291","post","type-post","status-publish","format-standard","has-post-thumbnail","hentry","category-noticias"],"_links":{"self":[{"href":"https:\/\/vicerrectorias.utp.edu.co\/responsabilidad-social\/wp-json\/wp\/v2\/posts\/3291","targetHints":{"allow":["GET"]}}],"collection":[{"href":"https:\/\/vicerrectorias.utp.edu.co\/responsabilidad-social\/wp-json\/wp\/v2\/posts"}],"about":[{"href":"https:\/\/vicerrectorias.utp.edu.co\/responsabilidad-social\/wp-json\/wp\/v2\/types\/post"}],"replies":[{"embeddable":true,"href":"https:\/\/vicerrectorias.utp.edu.co\/responsabilidad-social\/wp-json\/wp\/v2\/comments?post=3291"}],"version-history":[{"count":1,"href":"https:\/\/vicerrectorias.utp.edu.co\/responsabilidad-social\/wp-json\/wp\/v2\/posts\/3291\/revisions"}],"predecessor-version":[{"id":9295,"href":"https:\/\/vicerrectorias.utp.edu.co\/responsabilidad-social\/wp-json\/wp\/v2\/posts\/3291\/revisions\/9295"}],"wp:featuredmedia":[{"embeddable":true,"href":"https:\/\/vicerrectorias.utp.edu.co\/responsabilidad-social\/wp-json\/wp\/v2\/media\/60174"}],"wp:attachment":[{"href":"https:\/\/vicerrectorias.utp.edu.co\/responsabilidad-social\/wp-json\/wp\/v2\/media?parent=3291"}],"wp:term":[{"taxonomy":"category","embeddable":true,"href":"https:\/\/vicerrectorias.utp.edu.co\/responsabilidad-social\/wp-json\/wp\/v2\/categories?post=3291"},{"taxonomy":"post_tag","embeddable":true,"href":"https:\/\/vicerrectorias.utp.edu.co\/responsabilidad-social\/wp-json\/wp\/v2\/tags?post=3291"}],"curies":[{"name":"wp","href":"https:\/\/api.w.org\/{rel}","templated":true}]}}