{"id":3271,"date":"2017-05-03T16:00:20","date_gmt":"2017-05-03T14:00:20","guid":{"rendered":""},"modified":"2024-08-16T11:22:57","modified_gmt":"2024-08-16T09:22:57","slug":"dialogo-con-estudiantes-facultad-ciencias-agrarias","status":"publish","type":"post","link":"https:\/\/vicerrectorias.utp.edu.co\/responsabilidad-social\/dialogo-con-estudiantes-facultad-ciencias-agrarias\/","title":{"rendered":"Di\u00e1logo con Estudiantes Facultad Ciencias Agrarias"},"content":{"rendered":"\n<p><span class=\"post-content__span\"> Di\u00e1logo con Estudiantes de la Facultad de Ciencias Agrarias<\/p>\n\n\n\n<p><span class=\"post-content__span\"> <img decoding=\"async\" src=\"https:\/\/comunicaciones.utp.edu.co\/wp-content\/uploads\/sites\/2\/logo-dialogos.jpg\" alt=\"Di\u00e1logo con Estudiantes de la Facultad de Ciencias Agrarias\"><\/p>\n\n\n\n<p><span class=\"post-content__span\"> Se comparte invitaci\u00f3n a Di\u00e1logos con Estudiantes de la Facultad de Ciencias Agrarias.<\/p>\n\n\n\n<figure class=\"wp-block-image\"><img decoding=\"async\" src=\"https:\/\/comunicaciones.utp.edu.co\/wp-content\/uploads\/sites\/2\/CIENCIAS-AGRARIAS.jpg\" alt=\"\"\/><\/figure>\n","protected":false},"excerpt":{"rendered":"<p>Di\u00e1logo con Estudiantes de la Facultad de Ciencias Agrarias Se comparte invitaci\u00f3n a Di\u00e1logos con Estudiantes de la Facultad de [&hellip;]<\/p>\n","protected":false},"author":0,"featured_media":60172,"comment_status":"closed","ping_status":"closed","sticky":false,"template":"","format":"standard","meta":{"footnotes":""},"categories":[3],"tags":[],"class_list":["post-3271","post","type-post","status-publish","format-standard","has-post-thumbnail","hentry","category-noticias"],"_links":{"self":[{"href":"https:\/\/vicerrectorias.utp.edu.co\/responsabilidad-social\/wp-json\/wp\/v2\/posts\/3271","targetHints":{"allow":["GET"]}}],"collection":[{"href":"https:\/\/vicerrectorias.utp.edu.co\/responsabilidad-social\/wp-json\/wp\/v2\/posts"}],"about":[{"href":"https:\/\/vicerrectorias.utp.edu.co\/responsabilidad-social\/wp-json\/wp\/v2\/types\/post"}],"replies":[{"embeddable":true,"href":"https:\/\/vicerrectorias.utp.edu.co\/responsabilidad-social\/wp-json\/wp\/v2\/comments?post=3271"}],"version-history":[{"count":2,"href":"https:\/\/vicerrectorias.utp.edu.co\/responsabilidad-social\/wp-json\/wp\/v2\/posts\/3271\/revisions"}],"predecessor-version":[{"id":60939,"href":"https:\/\/vicerrectorias.utp.edu.co\/responsabilidad-social\/wp-json\/wp\/v2\/posts\/3271\/revisions\/60939"}],"wp:featuredmedia":[{"embeddable":true,"href":"https:\/\/vicerrectorias.utp.edu.co\/responsabilidad-social\/wp-json\/wp\/v2\/media\/60172"}],"wp:attachment":[{"href":"https:\/\/vicerrectorias.utp.edu.co\/responsabilidad-social\/wp-json\/wp\/v2\/media?parent=3271"}],"wp:term":[{"taxonomy":"category","embeddable":true,"href":"https:\/\/vicerrectorias.utp.edu.co\/responsabilidad-social\/wp-json\/wp\/v2\/categories?post=3271"},{"taxonomy":"post_tag","embeddable":true,"href":"https:\/\/vicerrectorias.utp.edu.co\/responsabilidad-social\/wp-json\/wp\/v2\/tags?post=3271"}],"curies":[{"name":"wp","href":"https:\/\/api.w.org\/{rel}","templated":true}]}}