{"id":3241,"date":"2017-04-24T08:27:37","date_gmt":"2017-04-24T06:27:37","guid":{"rendered":""},"modified":"2024-08-15T15:52:49","modified_gmt":"2024-08-15T13:52:49","slug":"todos-con-manizales","status":"publish","type":"post","link":"https:\/\/vicerrectorias.utp.edu.co\/responsabilidad-social\/todos-con-manizales\/","title":{"rendered":"Todos con Manizales"},"content":{"rendered":"\n<p><span class=\"post-content__span\"> Todos con Manizales<\/p>\n\n\n\n<p><span class=\"post-content__span\"> Todos con Manizales es una iniciativa que busca promover la solidaridad de la comunidad universitaria para apoyar a los Manizalitas, est\u00e1s invitado a unirte a este causa apoyando con tus donaciones.<\/p>\n\n\n\n<p><span class=\"post-content__span\"> <strong>Puedes vincularte con las siguientes donaciones:<\/strong><\/p>\n\n\n\n<p><span class=\"post-content__span\"> Alimentos no perecederos, agua, cobijas, ropa nueva o en excelente estado para todas las edades y de todas las tallas, ropa interior solo nueva para todas las edades y todas las tallas, zapatos de todas las tallas, medias, sacos, chaquetas, cobijas, s\u00e1banas, agua, productos de aseo en general, toallas intimas femeninas, pa\u00f1ales desechables todas las etapas incluso para adultos, leche para ni\u00f1os todas las etapas revisar fecha de vencimiento, comida para gatos y perros.<\/p>\n\n\n\n<p><span class=\"post-content__span\"> Lugares de acopio:<\/p>\n\n\n\n<p><span class=\"post-content__span\"> Oficina 12 &#8211; Vicerrector\u00eda de Responsabilidad Social y Bienestar Universitario<\/p>\n\n\n\n<p><span class=\"post-content__span\"> Emisora<\/p>\n","protected":false},"excerpt":{"rendered":"<p>Todos con Manizales Todos con Manizales es una iniciativa que busca promover la solidaridad de la comunidad universitaria para apoyar [&hellip;]<\/p>\n","protected":false},"author":0,"featured_media":60169,"comment_status":"closed","ping_status":"closed","sticky":false,"template":"","format":"standard","meta":{"footnotes":""},"categories":[3],"tags":[],"class_list":["post-3241","post","type-post","status-publish","format-standard","has-post-thumbnail","hentry","category-noticias"],"_links":{"self":[{"href":"https:\/\/vicerrectorias.utp.edu.co\/responsabilidad-social\/wp-json\/wp\/v2\/posts\/3241","targetHints":{"allow":["GET"]}}],"collection":[{"href":"https:\/\/vicerrectorias.utp.edu.co\/responsabilidad-social\/wp-json\/wp\/v2\/posts"}],"about":[{"href":"https:\/\/vicerrectorias.utp.edu.co\/responsabilidad-social\/wp-json\/wp\/v2\/types\/post"}],"replies":[{"embeddable":true,"href":"https:\/\/vicerrectorias.utp.edu.co\/responsabilidad-social\/wp-json\/wp\/v2\/comments?post=3241"}],"version-history":[{"count":1,"href":"https:\/\/vicerrectorias.utp.edu.co\/responsabilidad-social\/wp-json\/wp\/v2\/posts\/3241\/revisions"}],"predecessor-version":[{"id":9300,"href":"https:\/\/vicerrectorias.utp.edu.co\/responsabilidad-social\/wp-json\/wp\/v2\/posts\/3241\/revisions\/9300"}],"wp:featuredmedia":[{"embeddable":true,"href":"https:\/\/vicerrectorias.utp.edu.co\/responsabilidad-social\/wp-json\/wp\/v2\/media\/60169"}],"wp:attachment":[{"href":"https:\/\/vicerrectorias.utp.edu.co\/responsabilidad-social\/wp-json\/wp\/v2\/media?parent=3241"}],"wp:term":[{"taxonomy":"category","embeddable":true,"href":"https:\/\/vicerrectorias.utp.edu.co\/responsabilidad-social\/wp-json\/wp\/v2\/categories?post=3241"},{"taxonomy":"post_tag","embeddable":true,"href":"https:\/\/vicerrectorias.utp.edu.co\/responsabilidad-social\/wp-json\/wp\/v2\/tags?post=3241"}],"curies":[{"name":"wp","href":"https:\/\/api.w.org\/{rel}","templated":true}]}}