{"id":3231,"date":"2017-04-21T08:33:03","date_gmt":"2017-04-21T06:33:03","guid":{"rendered":""},"modified":"2024-08-15T15:52:49","modified_gmt":"2024-08-15T13:52:49","slug":"21-de-abril-utp-activa-y-saludable","status":"publish","type":"post","link":"https:\/\/vicerrectorias.utp.edu.co\/responsabilidad-social\/21-de-abril-utp-activa-y-saludable\/","title":{"rendered":"21 de abril \u201cUTP Activa y Saludable\u201d"},"content":{"rendered":"\n<p><span class=\"post-content__span\"> 21 de abril \u201cUTP Activa y Saludable\u201d<\/p>\n\n\n\n<figure class=\"wp-block-image\"><img decoding=\"async\" src=\"https:\/\/comunicaciones.utp.edu.co\/wp-content\/uploads\/sites\/2\/UTP-activa-y-saludable1-.jpg\" alt=\"UTP activa y saludable\"\/><\/figure>\n\n\n\n<p><span class=\"post-content__span\"> La UTP tiene programado para el&nbsp;pr\u00f3ximo<strong>&nbsp;viernes 21 de abril de 2016&nbsp;<\/strong>&nbsp;la jornada&nbsp;<strong>\u201cUTP Activa y Saludable\u201d.&nbsp;<\/strong>La actividad que se enmarca&nbsp;en tres fechas relevantes como lo son:&nbsp;el D\u00eda Mundial de la Actividad F\u00edsica, D\u00eda Mundial de la Salud y D\u00eda Mundial de la Bicicleta, fechas institucionalizadas por la Organizaci\u00f3n Mundial de la Salud.<\/p>\n\n\n\n<p><span class=\"post-content__span\"> La primera tiene por objetivo, la necesidad de regular y acumular m\u00ednimo 150 minutos de actividad f\u00edsica a la semana. La segunda, celebrada tambi\u00e9n cada a\u00f1o, tiene como fin conmemorar el aniversario de la Organizaci\u00f3n Mundial de la Salud y cada vigencia tiene una tem\u00e1tica espec\u00edfica y de inter\u00e9s mundial para la salud.<\/p>\n\n\n\n<p><span class=\"post-content__span\"> En el caso de la tercera, cada&nbsp;19 de abril se celebra&nbsp;el D\u00eda Mundial de la Bicicleta, &nbsp;para promover el uso de este&nbsp;medio de transporte&nbsp;alternativo,&nbsp;llamando la atenci\u00f3n sobre los derechos de los ciclistas pero adem\u00e1s destacando los beneficios para la salud y para la&nbsp;movilidad sostenible.<\/p>\n\n\n\n<figure class=\"wp-block-image\"><img decoding=\"async\" src=\"https:\/\/comunicaciones.utp.edu.co\/wp-content\/uploads\/sites\/2\/UTP-activa-y-saludable-2.jpg\" alt=\"\"\/><\/figure>\n","protected":false},"excerpt":{"rendered":"<p>21 de abril \u201cUTP Activa y Saludable\u201d La UTP tiene programado para el&nbsp;pr\u00f3ximo&nbsp;viernes 21 de abril de 2016&nbsp;&nbsp;la jornada&nbsp;\u201cUTP Activa [&hellip;]<\/p>\n","protected":false},"author":0,"featured_media":60168,"comment_status":"closed","ping_status":"closed","sticky":false,"template":"","format":"standard","meta":{"footnotes":""},"categories":[3],"tags":[],"class_list":["post-3231","post","type-post","status-publish","format-standard","has-post-thumbnail","hentry","category-noticias"],"_links":{"self":[{"href":"https:\/\/vicerrectorias.utp.edu.co\/responsabilidad-social\/wp-json\/wp\/v2\/posts\/3231","targetHints":{"allow":["GET"]}}],"collection":[{"href":"https:\/\/vicerrectorias.utp.edu.co\/responsabilidad-social\/wp-json\/wp\/v2\/posts"}],"about":[{"href":"https:\/\/vicerrectorias.utp.edu.co\/responsabilidad-social\/wp-json\/wp\/v2\/types\/post"}],"replies":[{"embeddable":true,"href":"https:\/\/vicerrectorias.utp.edu.co\/responsabilidad-social\/wp-json\/wp\/v2\/comments?post=3231"}],"version-history":[{"count":1,"href":"https:\/\/vicerrectorias.utp.edu.co\/responsabilidad-social\/wp-json\/wp\/v2\/posts\/3231\/revisions"}],"predecessor-version":[{"id":9301,"href":"https:\/\/vicerrectorias.utp.edu.co\/responsabilidad-social\/wp-json\/wp\/v2\/posts\/3231\/revisions\/9301"}],"wp:featuredmedia":[{"embeddable":true,"href":"https:\/\/vicerrectorias.utp.edu.co\/responsabilidad-social\/wp-json\/wp\/v2\/media\/60168"}],"wp:attachment":[{"href":"https:\/\/vicerrectorias.utp.edu.co\/responsabilidad-social\/wp-json\/wp\/v2\/media?parent=3231"}],"wp:term":[{"taxonomy":"category","embeddable":true,"href":"https:\/\/vicerrectorias.utp.edu.co\/responsabilidad-social\/wp-json\/wp\/v2\/categories?post=3231"},{"taxonomy":"post_tag","embeddable":true,"href":"https:\/\/vicerrectorias.utp.edu.co\/responsabilidad-social\/wp-json\/wp\/v2\/tags?post=3231"}],"curies":[{"name":"wp","href":"https:\/\/api.w.org\/{rel}","templated":true}]}}