{"id":3221,"date":"2017-04-19T09:13:21","date_gmt":"2017-04-19T07:13:21","guid":{"rendered":""},"modified":"2024-08-15T15:52:49","modified_gmt":"2024-08-15T13:52:49","slug":"transmision-en-vivo-audiencia-publica-2017","status":"publish","type":"post","link":"https:\/\/vicerrectorias.utp.edu.co\/responsabilidad-social\/transmision-en-vivo-audiencia-publica-2017\/","title":{"rendered":"Transmisi\u00f3n en Vivo Audiencia P\u00fablica 2017"},"content":{"rendered":"\n<p><span class=\"post-content__span\"> Transmisi\u00f3n en Vivo Audiencia P\u00fablica 2017<\/p>\n\n\n\n<p><span class=\"post-content__span\"> Transmisi\u00f3n en vivo a trav\u00e9s de UTP online de la&nbsp;Audiencia P\u00fablica de Rendici\u00f3n de Cuentas a la Ciudadan\u00eda llevada a cabo el 19 de abril de 2017 en el Teatro de Bellas Artes a partir de las 9:00 a.m.&nbsp;<\/p>\n\n\n\n<p><span class=\"post-content__span\"> Sigue la Transmisi\u00f3n por:&nbsp;<a href=\"https:\/\/online.utp.edu.co\/\">UTP online<\/a><\/p>\n\n\n\n<figure class=\"wp-block-image\"><img decoding=\"async\" src=\"https:\/\/media2.utp.edu.co\/oficinas\/3\/unnamed-1.png\" alt=\"\"\/><\/figure>\n","protected":false},"excerpt":{"rendered":"<p>Transmisi\u00f3n en Vivo Audiencia P\u00fablica 2017 Transmisi\u00f3n en vivo a trav\u00e9s de UTP online de la&nbsp;Audiencia P\u00fablica de Rendici\u00f3n de [&hellip;]<\/p>\n","protected":false},"author":0,"featured_media":60167,"comment_status":"closed","ping_status":"closed","sticky":false,"template":"","format":"standard","meta":{"footnotes":""},"categories":[3],"tags":[],"class_list":["post-3221","post","type-post","status-publish","format-standard","has-post-thumbnail","hentry","category-noticias"],"_links":{"self":[{"href":"https:\/\/vicerrectorias.utp.edu.co\/responsabilidad-social\/wp-json\/wp\/v2\/posts\/3221","targetHints":{"allow":["GET"]}}],"collection":[{"href":"https:\/\/vicerrectorias.utp.edu.co\/responsabilidad-social\/wp-json\/wp\/v2\/posts"}],"about":[{"href":"https:\/\/vicerrectorias.utp.edu.co\/responsabilidad-social\/wp-json\/wp\/v2\/types\/post"}],"replies":[{"embeddable":true,"href":"https:\/\/vicerrectorias.utp.edu.co\/responsabilidad-social\/wp-json\/wp\/v2\/comments?post=3221"}],"version-history":[{"count":1,"href":"https:\/\/vicerrectorias.utp.edu.co\/responsabilidad-social\/wp-json\/wp\/v2\/posts\/3221\/revisions"}],"predecessor-version":[{"id":9302,"href":"https:\/\/vicerrectorias.utp.edu.co\/responsabilidad-social\/wp-json\/wp\/v2\/posts\/3221\/revisions\/9302"}],"wp:featuredmedia":[{"embeddable":true,"href":"https:\/\/vicerrectorias.utp.edu.co\/responsabilidad-social\/wp-json\/wp\/v2\/media\/60167"}],"wp:attachment":[{"href":"https:\/\/vicerrectorias.utp.edu.co\/responsabilidad-social\/wp-json\/wp\/v2\/media?parent=3221"}],"wp:term":[{"taxonomy":"category","embeddable":true,"href":"https:\/\/vicerrectorias.utp.edu.co\/responsabilidad-social\/wp-json\/wp\/v2\/categories?post=3221"},{"taxonomy":"post_tag","embeddable":true,"href":"https:\/\/vicerrectorias.utp.edu.co\/responsabilidad-social\/wp-json\/wp\/v2\/tags?post=3221"}],"curies":[{"name":"wp","href":"https:\/\/api.w.org\/{rel}","templated":true}]}}