{"id":3181,"date":"2017-03-31T10:59:32","date_gmt":"2017-03-31T08:59:32","guid":{"rendered":""},"modified":"2024-08-15T15:52:49","modified_gmt":"2024-08-15T13:52:49","slug":"quedate-en-la-u","status":"publish","type":"post","link":"https:\/\/vicerrectorias.utp.edu.co\/responsabilidad-social\/quedate-en-la-u\/","title":{"rendered":"Qu\u00e9date en la U"},"content":{"rendered":"\n<p><span class=\"post-content__span\"> La Vicerrector\u00eda de Responsabilidad Social y Bienestar Universitario, Formaci\u00f3n para la vida Cultura y divulgaci\u00f3n, con el apoyo de la facultad de Bellas Artes y Humanidades los invitan a la Presentaci\u00f3n del \u201cCuarteto Ad Libitum\u201d Cuarteto T\u00edpico Colombiano dirigido por el maestro Lucas Fabi\u00e1n Molano Docente Escuela de M\u00fasica Hoy viernes en el Auditorio Jorge Roa Mart\u00ednez a las 6:00 de la tarde.&nbsp;<\/p>\n\n\n\n<figure class=\"wp-block-image\"><img decoding=\"async\" src=\"https:\/\/vicerrectorias.utp.edu.co\/responsabilidad-social\/wp-content\/uploads\/sites\/12\/CONCIERTO%20QUEDATE%20EN%20LA%20U%20MARZO%281%29.jpg\" alt=\"\"\/><\/figure>\n","protected":false},"excerpt":{"rendered":"<p>La Vicerrector\u00eda de Responsabilidad Social y Bienestar Universitario, Formaci\u00f3n para la vida Cultura y divulgaci\u00f3n, con el apoyo de la [&hellip;]<\/p>\n","protected":false},"author":0,"featured_media":60163,"comment_status":"closed","ping_status":"closed","sticky":false,"template":"","format":"standard","meta":{"footnotes":""},"categories":[3],"tags":[],"class_list":["post-3181","post","type-post","status-publish","format-standard","has-post-thumbnail","hentry","category-noticias"],"_links":{"self":[{"href":"https:\/\/vicerrectorias.utp.edu.co\/responsabilidad-social\/wp-json\/wp\/v2\/posts\/3181","targetHints":{"allow":["GET"]}}],"collection":[{"href":"https:\/\/vicerrectorias.utp.edu.co\/responsabilidad-social\/wp-json\/wp\/v2\/posts"}],"about":[{"href":"https:\/\/vicerrectorias.utp.edu.co\/responsabilidad-social\/wp-json\/wp\/v2\/types\/post"}],"replies":[{"embeddable":true,"href":"https:\/\/vicerrectorias.utp.edu.co\/responsabilidad-social\/wp-json\/wp\/v2\/comments?post=3181"}],"version-history":[{"count":1,"href":"https:\/\/vicerrectorias.utp.edu.co\/responsabilidad-social\/wp-json\/wp\/v2\/posts\/3181\/revisions"}],"predecessor-version":[{"id":9306,"href":"https:\/\/vicerrectorias.utp.edu.co\/responsabilidad-social\/wp-json\/wp\/v2\/posts\/3181\/revisions\/9306"}],"wp:featuredmedia":[{"embeddable":true,"href":"https:\/\/vicerrectorias.utp.edu.co\/responsabilidad-social\/wp-json\/wp\/v2\/media\/60163"}],"wp:attachment":[{"href":"https:\/\/vicerrectorias.utp.edu.co\/responsabilidad-social\/wp-json\/wp\/v2\/media?parent=3181"}],"wp:term":[{"taxonomy":"category","embeddable":true,"href":"https:\/\/vicerrectorias.utp.edu.co\/responsabilidad-social\/wp-json\/wp\/v2\/categories?post=3181"},{"taxonomy":"post_tag","embeddable":true,"href":"https:\/\/vicerrectorias.utp.edu.co\/responsabilidad-social\/wp-json\/wp\/v2\/tags?post=3181"}],"curies":[{"name":"wp","href":"https:\/\/api.w.org\/{rel}","templated":true}]}}