{"id":3171,"date":"2017-03-30T09:15:46","date_gmt":"2017-03-30T07:15:46","guid":{"rendered":""},"modified":"2024-08-15T15:52:49","modified_gmt":"2024-08-15T13:52:49","slug":"campus-clips-nueva-sede-batuta","status":"publish","type":"post","link":"https:\/\/vicerrectorias.utp.edu.co\/responsabilidad-social\/campus-clips-nueva-sede-batuta\/","title":{"rendered":"Campus Clips &#8211; Nueva Sede Batuta"},"content":{"rendered":"\n<p><span class=\"post-content__span\"> <img decoding=\"async\" alt=\"Campus Clips - Nueva Sede Batuta\" src=\"https:\/\/comunicaciones.utp.edu.co\/wp-content\/uploads\/sites\/2\/campus-clps.jpg\">Campus Clips &#8211; Nueva Sede Batuta<\/p>\n\n\n\n<p><span class=\"post-content__span\"> <span>Con el fin de ofrecer espacios adecuados y con las exigencias necesarias que se requieren para el aprendizaje, la Universidad Tecnol\u00f3gica de Pereira inaugur\u00f3 la sede de la Corporaci\u00f3n Batuta, con presencia de la viceministra de Cultura, Zulia Mena y la ex primera dama, Ana Milena Mu\u00f1oz de Gaviria.<\/span><\/p>\n\n\n\n<figure class=\"wp-block-embed\"><div class=\"wp-block-embed__wrapper\">\n<iframe loading=\"lazy\" title=\"Campus Clips - Nueva Sede Batuta\" width=\"500\" height=\"281\" src=\"https:\/\/www.youtube.com\/embed\/_goVs6t8p6c?feature=oembed\" frameborder=\"0\" allow=\"accelerometer; autoplay; clipboard-write; encrypted-media; gyroscope; picture-in-picture; web-share\" referrerpolicy=\"strict-origin-when-cross-origin\" allowfullscreen><\/iframe>\n<\/div><\/figure>\n","protected":false},"excerpt":{"rendered":"<p>Campus Clips &#8211; Nueva Sede Batuta Con el fin de ofrecer espacios adecuados y con las exigencias necesarias que se [&hellip;]<\/p>\n","protected":false},"author":0,"featured_media":60162,"comment_status":"closed","ping_status":"closed","sticky":false,"template":"","format":"standard","meta":{"footnotes":""},"categories":[3],"tags":[],"class_list":["post-3171","post","type-post","status-publish","format-standard","has-post-thumbnail","hentry","category-noticias"],"_links":{"self":[{"href":"https:\/\/vicerrectorias.utp.edu.co\/responsabilidad-social\/wp-json\/wp\/v2\/posts\/3171","targetHints":{"allow":["GET"]}}],"collection":[{"href":"https:\/\/vicerrectorias.utp.edu.co\/responsabilidad-social\/wp-json\/wp\/v2\/posts"}],"about":[{"href":"https:\/\/vicerrectorias.utp.edu.co\/responsabilidad-social\/wp-json\/wp\/v2\/types\/post"}],"replies":[{"embeddable":true,"href":"https:\/\/vicerrectorias.utp.edu.co\/responsabilidad-social\/wp-json\/wp\/v2\/comments?post=3171"}],"version-history":[{"count":1,"href":"https:\/\/vicerrectorias.utp.edu.co\/responsabilidad-social\/wp-json\/wp\/v2\/posts\/3171\/revisions"}],"predecessor-version":[{"id":9307,"href":"https:\/\/vicerrectorias.utp.edu.co\/responsabilidad-social\/wp-json\/wp\/v2\/posts\/3171\/revisions\/9307"}],"wp:featuredmedia":[{"embeddable":true,"href":"https:\/\/vicerrectorias.utp.edu.co\/responsabilidad-social\/wp-json\/wp\/v2\/media\/60162"}],"wp:attachment":[{"href":"https:\/\/vicerrectorias.utp.edu.co\/responsabilidad-social\/wp-json\/wp\/v2\/media?parent=3171"}],"wp:term":[{"taxonomy":"category","embeddable":true,"href":"https:\/\/vicerrectorias.utp.edu.co\/responsabilidad-social\/wp-json\/wp\/v2\/categories?post=3171"},{"taxonomy":"post_tag","embeddable":true,"href":"https:\/\/vicerrectorias.utp.edu.co\/responsabilidad-social\/wp-json\/wp\/v2\/tags?post=3171"}],"curies":[{"name":"wp","href":"https:\/\/api.w.org\/{rel}","templated":true}]}}