{"id":3151,"date":"2017-03-27T09:22:43","date_gmt":"2017-03-27T07:22:43","guid":{"rendered":""},"modified":"2024-08-15T15:52:49","modified_gmt":"2024-08-15T13:52:49","slug":"resolucion-no2162-convoca-a-elecciones","status":"publish","type":"post","link":"https:\/\/vicerrectorias.utp.edu.co\/responsabilidad-social\/resolucion-no2162-convoca-a-elecciones\/","title":{"rendered":"Resoluci\u00f3n No.2162 Convoca a Elecciones"},"content":{"rendered":"\n<p><span class=\"post-content__span\"> Resoluci\u00f3n No. 2162 Convoca Elecciones Representantes Consejo Superior y Acad\u00e9mico<\/p>\n\n\n\n<p><span class=\"post-content__span\"> La Secretar\u00eda General informa que mediante Resoluci\u00f3n de Rector\u00eda No. 2162 del 10 de marzo de 2017, se convocan las elecciones de los Representantes ante los Consejos Superior y Acad\u00e9mico previstas en la Resoluci\u00f3n de Rector\u00eda 1901 de 2017.<\/p>\n\n\n\n<p><span class=\"post-content__span\"> <strong>CONSEJO SUPERIOR<\/strong><\/p>\n\n\n\n<p><span class=\"post-content__span\"> &#8211; Un Representante de las Directivas Acad\u00e9micas.&nbsp;<br>\n&#8211; Un Representante de los Estudiantes.<br>\n&#8211; Un Representante de los Empleados Administrativos.<\/p>\n\n\n\n<p><span class=\"post-content__span\"> <strong>CONSEJO ACAD\u00c9MICO<\/strong><\/p>\n\n\n\n<p><span class=\"post-content__span\"> &#8211; Dos Representantes de los Estudiantes.<\/p>\n\n\n\n<p><span class=\"post-content__span\"> Las planchas y candidatos deber\u00e1n inscribirse mediante oficio radicado en la Oficina de Gesti\u00f3n de Documentos dirigida a la Secretar\u00eda General de la Universidad Tecnol\u00f3gica de Pereira, hasta el d\u00eda<strong><span>lunes 27 de marzo de 2017 a las 18:00 horas.<\/span><\/strong><\/p>\n\n\n\n<p><span class=\"post-content__span\"> Dichas elecciones se llevar\u00e1n a cabo el d\u00eda&nbsp;<strong><span>jueves 20 de abril de 2017, de las ocho (8:00) a las dieciocho (18:00) horas<\/span><\/strong>&nbsp;y se llevar\u00e1n a cabo a trav\u00e9s de Internet utilizando el software de votaciones de la Universidad.<\/p>\n\n\n\n<p><span class=\"post-content__span\"> <a rel=\"nofollow\" href=\"https:\/\/www.utp.edu.co\/cms-utp\/data\/bin\/UTP\/web\/uploads\/media\/comunicaciones\/documentos\/Resolucion-No-2162.pdf\">Resoluci\u00f3n No. 2162,<\/a><\/p>\n\n\n\n<p><span class=\"post-content__span\"> <span><a rel=\"nofollow\" href=\"https:\/\/www.utp.edu.co\/cms-utp\/data\/bin\/UTP\/web\/uploads\/media\/comunicaciones\/documentos\/Resolucion-No-2203.pdf\">Resoluci\u00f3n No. 2203,&nbsp;<\/a>&nbsp;Por medio de la cual se corrige un error de digitaci\u00f3n en la Resoluci\u00f3n No. 2162 del 10 de marzo de 2017.<\/span><\/p>\n","protected":false},"excerpt":{"rendered":"<p>Resoluci\u00f3n No. 2162 Convoca Elecciones Representantes Consejo Superior y Acad\u00e9mico La Secretar\u00eda General informa que mediante Resoluci\u00f3n de Rector\u00eda No. [&hellip;]<\/p>\n","protected":false},"author":0,"featured_media":60160,"comment_status":"closed","ping_status":"closed","sticky":false,"template":"","format":"standard","meta":{"footnotes":""},"categories":[3],"tags":[],"class_list":["post-3151","post","type-post","status-publish","format-standard","has-post-thumbnail","hentry","category-noticias"],"_links":{"self":[{"href":"https:\/\/vicerrectorias.utp.edu.co\/responsabilidad-social\/wp-json\/wp\/v2\/posts\/3151","targetHints":{"allow":["GET"]}}],"collection":[{"href":"https:\/\/vicerrectorias.utp.edu.co\/responsabilidad-social\/wp-json\/wp\/v2\/posts"}],"about":[{"href":"https:\/\/vicerrectorias.utp.edu.co\/responsabilidad-social\/wp-json\/wp\/v2\/types\/post"}],"replies":[{"embeddable":true,"href":"https:\/\/vicerrectorias.utp.edu.co\/responsabilidad-social\/wp-json\/wp\/v2\/comments?post=3151"}],"version-history":[{"count":1,"href":"https:\/\/vicerrectorias.utp.edu.co\/responsabilidad-social\/wp-json\/wp\/v2\/posts\/3151\/revisions"}],"predecessor-version":[{"id":9309,"href":"https:\/\/vicerrectorias.utp.edu.co\/responsabilidad-social\/wp-json\/wp\/v2\/posts\/3151\/revisions\/9309"}],"wp:featuredmedia":[{"embeddable":true,"href":"https:\/\/vicerrectorias.utp.edu.co\/responsabilidad-social\/wp-json\/wp\/v2\/media\/60160"}],"wp:attachment":[{"href":"https:\/\/vicerrectorias.utp.edu.co\/responsabilidad-social\/wp-json\/wp\/v2\/media?parent=3151"}],"wp:term":[{"taxonomy":"category","embeddable":true,"href":"https:\/\/vicerrectorias.utp.edu.co\/responsabilidad-social\/wp-json\/wp\/v2\/categories?post=3151"},{"taxonomy":"post_tag","embeddable":true,"href":"https:\/\/vicerrectorias.utp.edu.co\/responsabilidad-social\/wp-json\/wp\/v2\/tags?post=3151"}],"curies":[{"name":"wp","href":"https:\/\/api.w.org\/{rel}","templated":true}]}}