{"id":3141,"date":"2017-03-24T09:36:49","date_gmt":"2017-03-24T08:36:49","guid":{"rendered":""},"modified":"2024-08-15T15:52:49","modified_gmt":"2024-08-15T13:52:49","slug":"obra-de-teatro-el-inspector","status":"publish","type":"post","link":"https:\/\/vicerrectorias.utp.edu.co\/responsabilidad-social\/obra-de-teatro-el-inspector\/","title":{"rendered":"Obra de teatro \u201cEl Inspector\u201d"},"content":{"rendered":"\n<p><span class=\"post-content__span\"> <span>La Vicerrector\u00eda de Responsabilidad Social y Bienestar Universitario y los estudiantes del programa de Arte Dram\u00e1tico de la Universidad central de Bogot\u00e1 en convenio con el teatro libre los invitan el d\u00eda lunes 27 de marzo a ver la obra de teatro \u201cEl Inspector\u201d&nbsp;<\/span><\/p>\n\n\n\n<figure class=\"wp-block-image\"><img decoding=\"async\" src=\"https:\/\/vicerrectorias.utp.edu.co\/responsabilidad-social\/wp-content\/uploads\/sites\/12\/el%20inspector%20invitacion.jpg\" alt=\"\"\/><\/figure>\n","protected":false},"excerpt":{"rendered":"<p>La Vicerrector\u00eda de Responsabilidad Social y Bienestar Universitario y los estudiantes del programa de Arte Dram\u00e1tico de la Universidad central [&hellip;]<\/p>\n","protected":false},"author":0,"featured_media":60159,"comment_status":"closed","ping_status":"closed","sticky":false,"template":"","format":"standard","meta":{"footnotes":""},"categories":[3],"tags":[],"class_list":["post-3141","post","type-post","status-publish","format-standard","has-post-thumbnail","hentry","category-noticias"],"_links":{"self":[{"href":"https:\/\/vicerrectorias.utp.edu.co\/responsabilidad-social\/wp-json\/wp\/v2\/posts\/3141","targetHints":{"allow":["GET"]}}],"collection":[{"href":"https:\/\/vicerrectorias.utp.edu.co\/responsabilidad-social\/wp-json\/wp\/v2\/posts"}],"about":[{"href":"https:\/\/vicerrectorias.utp.edu.co\/responsabilidad-social\/wp-json\/wp\/v2\/types\/post"}],"replies":[{"embeddable":true,"href":"https:\/\/vicerrectorias.utp.edu.co\/responsabilidad-social\/wp-json\/wp\/v2\/comments?post=3141"}],"version-history":[{"count":1,"href":"https:\/\/vicerrectorias.utp.edu.co\/responsabilidad-social\/wp-json\/wp\/v2\/posts\/3141\/revisions"}],"predecessor-version":[{"id":9310,"href":"https:\/\/vicerrectorias.utp.edu.co\/responsabilidad-social\/wp-json\/wp\/v2\/posts\/3141\/revisions\/9310"}],"wp:featuredmedia":[{"embeddable":true,"href":"https:\/\/vicerrectorias.utp.edu.co\/responsabilidad-social\/wp-json\/wp\/v2\/media\/60159"}],"wp:attachment":[{"href":"https:\/\/vicerrectorias.utp.edu.co\/responsabilidad-social\/wp-json\/wp\/v2\/media?parent=3141"}],"wp:term":[{"taxonomy":"category","embeddable":true,"href":"https:\/\/vicerrectorias.utp.edu.co\/responsabilidad-social\/wp-json\/wp\/v2\/categories?post=3141"},{"taxonomy":"post_tag","embeddable":true,"href":"https:\/\/vicerrectorias.utp.edu.co\/responsabilidad-social\/wp-json\/wp\/v2\/tags?post=3141"}],"curies":[{"name":"wp","href":"https:\/\/api.w.org\/{rel}","templated":true}]}}