{"id":3131,"date":"2017-03-23T10:54:50","date_gmt":"2017-03-23T09:54:50","guid":{"rendered":""},"modified":"2024-08-15T15:52:49","modified_gmt":"2024-08-15T13:52:49","slug":"masiva-asistencia-dialogo-estudiantes-ingenierias","status":"publish","type":"post","link":"https:\/\/vicerrectorias.utp.edu.co\/responsabilidad-social\/masiva-asistencia-dialogo-estudiantes-ingenierias\/","title":{"rendered":"Masiva asistencia Di\u00e1logo Estudiantes Ingenierias"},"content":{"rendered":"\n<p><span class=\"post-content__span\"> <img decoding=\"async\" alt=\"Masiva asistencia al Di\u00e1logo con Estudiantes de Ingenier\u00edas\" src=\"https:\/\/comunicaciones.utp.edu.co\/wp-content\/uploads\/sites\/2\/Masiva-asistencia-al-Dialogo-con-Estudiantes-de-Ingenierias.jpg\"><strong><em>318 estudiantes de la Facultad de Ingenier\u00edas recibieron acompa\u00f1amiento a trav\u00e9s del PAI.&nbsp;<\/em><em>907 estudiantes recibieron alg\u00fan beneficio en matr\u00edculas, alimentaci\u00f3n entre otros.&nbsp;<\/em><\/strong><\/p>\n\n\n\n<p><span class=\"post-content__span\"> <span>Las&nbsp;<\/span>salas Magistral 1 y 2 quedaron copadas por alumnos, directores de programas, docentes y algunos administrativos en el Di\u00e1logo con Estudiantes de la Faculta de Ingenier\u00edas, que se convirti\u00f3 en el tercer ejercicio de este tipo realizado en la Universidad Tecnol\u00f3gica de Pereira.<\/p>\n\n\n\n<p><span class=\"post-content__span\"> All\u00ed, la alta direcci\u00f3n present\u00f3 los resultados que en materia de Infraestructura, Internacionalizaci\u00f3n, Cobertura con Calidad, Investigaci\u00f3n, Innovaci\u00f3n y Extensi\u00f3n y Bienestar Institucional.<\/p>\n\n\n\n<p><span class=\"post-content__span\"> El rector Luis Fernando Gaviria Trujillo explic\u00f3 que en la Facultad de Ingenier\u00edas se adecu\u00f3 la decanatura, que hoy se ajusta a las necesidades existentes. Anunci\u00f3 que se avanza en el diagn\u00f3stico y esquema b\u00e1sico dise\u00f1o del edificio de Ingenier\u00edas.<\/p>\n\n\n\n<p><span class=\"post-content__span\"> En aseguramiento de la calidad y respondiendo a solicitudes de a\u00f1os anteriores, los programas de ingenier\u00edas El\u00e9ctrica y Sistemas y Computaci\u00f3n, hoy est\u00e1n acreditados. As\u00ed mismo de las mil becas otorgadas dentro del programa Becas pa\u2019 Pepas se han entregado 209 ya.<\/p>\n\n\n\n<p><span class=\"post-content__span\"> El decano Alberto Ocampo Valencia, durante la presentaci\u00f3n del informe de gesti\u00f3n de la facultad y haciendo \u00e9nfasis en las personas, &nbsp;indic\u00f3 que al cierre de 2016, la matr\u00edcula cerr\u00f3 con 2738 estudiantes, de ellos 110 en pregrado y destac\u00f3 que en la vigencia anterior sacaron al mercado de la regi\u00f3n y el pa\u00eds, 280 profesionales, de los cuales 18 de posgrados y en este \u00faltimo grupo 3 de maestr\u00edas.<\/p>\n\n\n\n<p><span class=\"post-content__span\"> La Facultad al cierre de 2016 contaba con 13 grupos de investigaci\u00f3n reconocidos por Colciencias, 3 de ellos en A1, con 7 semilleros de investigaci\u00f3n con 119 estudiantes vinculados. As\u00ed mismo se realizaron alianzas con TecnoParque del Sena; la Universidad Santiago de Cali, Logirastreo SAS y Empresa de Energ\u00eda de Pereira.<\/p>\n\n\n\n<p><span class=\"post-content__span\"> La construcci\u00f3n del edificio de Ingenier\u00edas, equipos para satisfacer la demanda en laboratorios y cub\u00edculos para estudiantes y salas de reuniones entre las solicitudes que hizo el decano Ocampo Valencia.<\/p>\n\n\n\n<p><span class=\"post-content__span\"> Carlos Ortega, representante de los estudiantes agradeci\u00f3 este espacio de interlocuci\u00f3n y bas\u00f3 su presentaci\u00f3n en cuatro aspectos: Formular soluciones a la crisis; ser cr\u00edticos en el proceso de formaci\u00f3n, insistir en la participaci\u00f3n en la pol\u00edtica y ratificar el compromiso de los estudiantes frente al proceso de paz y postconflicto.<\/p>\n\n\n\n<p><span class=\"post-content__span\"> Se recibieron las inquietudes y sugerencias de los participantes al di\u00e1logo, haciendo de este, un ejercicio de interacci\u00f3n.&nbsp;<\/p>\n\n\n\n<p><span class=\"post-content__span\"> Insisti\u00f3 en el fortalecimiento del equipo de docentes en distintos programas. Finalmente invit\u00f3 a los estudiantes a participar en la formulaci\u00f3n del Nuevo Reglamento, el cual esperan entregar al cierre de este primer semestre.<\/p>\n\n\n\n<p><span class=\"post-content__span\"> Una de las preguntas durante el Di\u00e1logo fue la acreditaci\u00f3n de Electr\u00f3nica y su costo, a lo que el vicerrector Jhoniers Guerrero inform\u00f3 que&nbsp;se est\u00e1 realizando el proceso de autoevaluaci\u00f3n como paso previo a la misma; frente al costo dijo que el poder subsidiarlo depender\u00e1 m\u00e1s del Ministerio de Educaci\u00f3n.<\/p>\n\n\n\n<p><span class=\"post-content__span\"> Frente a las solicitudes de m\u00e1s espacios, el jefe de Planeaci\u00f3n, ingeniero Francisco Uribe explic\u00f3 que&nbsp; con el traslado administrativos al Edificio de Formaci\u00f3n Avanzada, pr\u00f3ximo a inaugurar se liberan algunos&nbsp;espacios&nbsp;y agreg\u00f3 que tambi\u00e9n se har\u00e1n otros ajustes locativos, y aunque la universidad es consciente de las limitaciones, se est\u00e1n ampliando \u00e1reas para el descanso y estudio de los alumnos, con los m\u00f3dulos de estudiantes que se construyen adyacente al Galp\u00f3n.<\/p>\n","protected":false},"excerpt":{"rendered":"<p>318 estudiantes de la Facultad de Ingenier\u00edas recibieron acompa\u00f1amiento a trav\u00e9s del PAI.&nbsp;907 estudiantes recibieron alg\u00fan beneficio en matr\u00edculas, alimentaci\u00f3n [&hellip;]<\/p>\n","protected":false},"author":0,"featured_media":60157,"comment_status":"closed","ping_status":"closed","sticky":false,"template":"","format":"standard","meta":{"footnotes":""},"categories":[3],"tags":[],"class_list":["post-3131","post","type-post","status-publish","format-standard","has-post-thumbnail","hentry","category-noticias"],"_links":{"self":[{"href":"https:\/\/vicerrectorias.utp.edu.co\/responsabilidad-social\/wp-json\/wp\/v2\/posts\/3131","targetHints":{"allow":["GET"]}}],"collection":[{"href":"https:\/\/vicerrectorias.utp.edu.co\/responsabilidad-social\/wp-json\/wp\/v2\/posts"}],"about":[{"href":"https:\/\/vicerrectorias.utp.edu.co\/responsabilidad-social\/wp-json\/wp\/v2\/types\/post"}],"replies":[{"embeddable":true,"href":"https:\/\/vicerrectorias.utp.edu.co\/responsabilidad-social\/wp-json\/wp\/v2\/comments?post=3131"}],"version-history":[{"count":1,"href":"https:\/\/vicerrectorias.utp.edu.co\/responsabilidad-social\/wp-json\/wp\/v2\/posts\/3131\/revisions"}],"predecessor-version":[{"id":9311,"href":"https:\/\/vicerrectorias.utp.edu.co\/responsabilidad-social\/wp-json\/wp\/v2\/posts\/3131\/revisions\/9311"}],"wp:featuredmedia":[{"embeddable":true,"href":"https:\/\/vicerrectorias.utp.edu.co\/responsabilidad-social\/wp-json\/wp\/v2\/media\/60157"}],"wp:attachment":[{"href":"https:\/\/vicerrectorias.utp.edu.co\/responsabilidad-social\/wp-json\/wp\/v2\/media?parent=3131"}],"wp:term":[{"taxonomy":"category","embeddable":true,"href":"https:\/\/vicerrectorias.utp.edu.co\/responsabilidad-social\/wp-json\/wp\/v2\/categories?post=3131"},{"taxonomy":"post_tag","embeddable":true,"href":"https:\/\/vicerrectorias.utp.edu.co\/responsabilidad-social\/wp-json\/wp\/v2\/tags?post=3131"}],"curies":[{"name":"wp","href":"https:\/\/api.w.org\/{rel}","templated":true}]}}