{"id":3111,"date":"2017-03-22T11:22:59","date_gmt":"2017-03-22T10:22:59","guid":{"rendered":""},"modified":"2024-08-20T16:50:05","modified_gmt":"2024-08-20T14:50:05","slug":"utp-abre-nuevo-restaurante-y-nuevo-cafe","status":"publish","type":"post","link":"https:\/\/vicerrectorias.utp.edu.co\/responsabilidad-social\/utp-abre-nuevo-restaurante-y-nuevo-cafe\/","title":{"rendered":"UTP abre nuevo restaurante y nuevo caf\u00e9"},"content":{"rendered":"\n<p><span class=\"post-content__span\"> UTP abre nuevo restaurante y nuevo caf\u00e9<\/p>\n\n\n\n<p><span class=\"post-content__span\"> <span><img decoding=\"async\" src=\"https:\/\/comunicaciones.utp.edu.co\/wp-content\/uploads\/sites\/2\/nuevas-cafeterias-campus.jpg\" alt=\"UTP abre nuevo restaurante y nuevo caf\u00e9\"><\/span><\/p>\n\n\n\n<p><span class=\"post-content__span\"> <span>Dos nuevos espacios dedicados al expendio de alimentos, que al mismo tiempo se convierten en puntos de encuentro, abri\u00f3 la Universidad Tecnol\u00f3gica de Pereira, esta vez en el edificio 15, conocido anteriormente como el Boque L.<\/span><\/p>\n\n\n\n<p><span class=\"post-content__span\"> <span>En la nueva estructura donde se ubica el Centro de Innovaci\u00f3n y Desarrollo Tecnol\u00f3gico &#8211; CIDT, con cercan\u00eda directa al edificio de Formaci\u00f3n Avanzada, pr\u00f3ximo a ponerse en servicio, se ha ubicado un nuevo restaurante, que ayudar\u00e1 a reducir la enorme congesti\u00f3n que se presenta en la Cafeter\u00eda Central, especialmente en horas del medio d\u00eda.<\/span><\/p>\n\n\n\n<p><span class=\"post-content__span\"> <span>Esta cafeter\u00eda es para el disfrute de toda la comunidad universitaria, all\u00ed&nbsp;se tendr\u00e1 una tarifa diferencial para estudiantes que presenten su carnet y pr\u00f3ximamente se ofrecer\u00e1 tambi\u00e9n un men\u00fa ejecutivo.&nbsp;Adem\u00e1s, 150 estudiantes con bono alimenticio que asigna la Vicerrector\u00eda de Responsabilidad Social y Bienestar Universitario ser\u00e1n redirigidos a este nuevo espacio. &nbsp;<\/span><\/p>\n\n\n\n<p><span class=\"post-content__span\"> <span>As\u00ed mismo se abri\u00f3&nbsp; en la terraza de la edificaci\u00f3n, un nuevo caf\u00e9 que presenta un ambiente acogedor y productos variados para el disfrute de toda la comunidad. Este espacio social hace parte de varios lugares de encuentro que tiene la Universidad como el Caf\u00e9 del Centro de Visitantes, el Caf\u00e9 al Paso a la altura de la Biblioteca Jorge Roa Mart\u00ednez y ahora en el Edificio 15.<\/span><\/p>\n\n\n\n<p><span class=\"post-content__span\"> <span>\u00a1Los invitamos a conocer y disfrutar de la oferta gastron\u00f3mica que se tiene a su dispoci\u00f3n estos dos nuevos espacios!<\/span><\/p>\n\n\n\n<figure class=\"wp-block-image\"><img decoding=\"async\" src=\"https:\/\/comunicaciones.utp.edu.co\/wp-content\/uploads\/sites\/2\/Pieza-nueva-cafeteri-a.jpg\" alt=\"\"\/><\/figure>\n","protected":false},"excerpt":{"rendered":"<p>UTP abre nuevo restaurante y nuevo caf\u00e9 Dos nuevos espacios dedicados al expendio de alimentos, que al mismo tiempo se [&hellip;]<\/p>\n","protected":false},"author":0,"featured_media":60155,"comment_status":"closed","ping_status":"closed","sticky":false,"template":"","format":"standard","meta":{"footnotes":""},"categories":[3],"tags":[],"class_list":["post-3111","post","type-post","status-publish","format-standard","has-post-thumbnail","hentry","category-noticias"],"_links":{"self":[{"href":"https:\/\/vicerrectorias.utp.edu.co\/responsabilidad-social\/wp-json\/wp\/v2\/posts\/3111","targetHints":{"allow":["GET"]}}],"collection":[{"href":"https:\/\/vicerrectorias.utp.edu.co\/responsabilidad-social\/wp-json\/wp\/v2\/posts"}],"about":[{"href":"https:\/\/vicerrectorias.utp.edu.co\/responsabilidad-social\/wp-json\/wp\/v2\/types\/post"}],"replies":[{"embeddable":true,"href":"https:\/\/vicerrectorias.utp.edu.co\/responsabilidad-social\/wp-json\/wp\/v2\/comments?post=3111"}],"version-history":[{"count":2,"href":"https:\/\/vicerrectorias.utp.edu.co\/responsabilidad-social\/wp-json\/wp\/v2\/posts\/3111\/revisions"}],"predecessor-version":[{"id":61379,"href":"https:\/\/vicerrectorias.utp.edu.co\/responsabilidad-social\/wp-json\/wp\/v2\/posts\/3111\/revisions\/61379"}],"wp:featuredmedia":[{"embeddable":true,"href":"https:\/\/vicerrectorias.utp.edu.co\/responsabilidad-social\/wp-json\/wp\/v2\/media\/60155"}],"wp:attachment":[{"href":"https:\/\/vicerrectorias.utp.edu.co\/responsabilidad-social\/wp-json\/wp\/v2\/media?parent=3111"}],"wp:term":[{"taxonomy":"category","embeddable":true,"href":"https:\/\/vicerrectorias.utp.edu.co\/responsabilidad-social\/wp-json\/wp\/v2\/categories?post=3111"},{"taxonomy":"post_tag","embeddable":true,"href":"https:\/\/vicerrectorias.utp.edu.co\/responsabilidad-social\/wp-json\/wp\/v2\/tags?post=3111"}],"curies":[{"name":"wp","href":"https:\/\/api.w.org\/{rel}","templated":true}]}}