{"id":3101,"date":"2017-03-21T08:38:10","date_gmt":"2017-03-21T07:38:10","guid":{"rendered":""},"modified":"2024-08-15T15:52:50","modified_gmt":"2024-08-15T13:52:50","slug":"curso-en-lengua-inglesa-para-administrativos","status":"publish","type":"post","link":"https:\/\/vicerrectorias.utp.edu.co\/responsabilidad-social\/curso-en-lengua-inglesa-para-administrativos\/","title":{"rendered":"Curso en lengua inglesa para administrativos"},"content":{"rendered":"\n<p><span class=\"post-content__span\"> Curso en lengua inglesa para administrativos<\/p>\n\n\n\n<p><span class=\"post-content__span\"> El Comit\u00e9 de Capacitaci\u00f3n Administrativa informa que est\u00e1n abiertas las inscripciones para los Cursos 1, 2, 3 y 4 en lengua inglesa dictados por el Instituto de Lenguas Extranjeras (ILEX).<\/p>\n\n\n\n<p><span class=\"post-content__span\"> Dirigido a:<\/p>\n\n\n\n<p><span class=\"post-content__span\"> Funcionarios Administrativos de Planta, Transitorios y Trabajadores Oficiales.<\/p>\n\n\n\n<p><span class=\"post-content__span\"> Cupos:<\/p>\n\n\n\n<p><span class=\"post-content__span\"> El cupo para cada curso ser\u00e1 de 25 funcionarios, teniendo en cuenta el resultado obtenido en la Prueba Oxford On-Line Placement Test (OOPT), presentada en 2016.<\/p>\n\n\n\n<p><span class=\"post-content__span\"> En caso de existir sillas vac\u00edas, se permitir\u00e1 el ingreso de funcionarios Administrativos Ocasionales y por Prestaci\u00f3n de Servicios, Docentes de Planta y Transitorios.<\/p>\n\n\n\n<p><span class=\"post-content__span\"> Prueba OOPT:<\/p>\n\n\n\n<p><span class=\"post-content__span\"> Para los funcionarios que no han presentado la prueba, se programar\u00e1 nuevamente con el fin de determinar en qu\u00e9 curso queda clasificado.<\/p>\n\n\n\n<p><span class=\"post-content__span\"> Intensidad horaria:<\/p>\n\n\n\n<p><span class=\"post-content__span\"> Un curso por semestre de 64 horas, 4 horas semanales, 2 d\u00edas a la semana, 6:00 p.m. a 8 p.m.<\/p>\n\n\n\n<p><span class=\"post-content__span\"> Los funcionarios interesados pueden realizar la inscripci\u00f3n en el siguiente enlace:<a href=\"https:\/\/docs.google.com\/a\/utp.edu.co\/forms\/d\/e\/1FAIpQLSfD-xqSeDNubYPHijcELiEofyXnvHX9S62NxEeEXSTBOXTX7Q\/viewform?c=0&amp;w=1\">https:\/\/docs.google.com\/a\/utp.edu.co\/forms\/d\/e\/1FAIpQLSfD-xqSeDNubYPHijcELiEofyXnvHX9S62NxEeEXSTBOXTX7Q\/viewform?c=0&amp;w=1<\/a><\/p>\n","protected":false},"excerpt":{"rendered":"<p>Curso en lengua inglesa para administrativos El Comit\u00e9 de Capacitaci\u00f3n Administrativa informa que est\u00e1n abiertas las inscripciones para los Cursos [&hellip;]<\/p>\n","protected":false},"author":0,"featured_media":60154,"comment_status":"closed","ping_status":"closed","sticky":false,"template":"","format":"standard","meta":{"footnotes":""},"categories":[3],"tags":[],"class_list":["post-3101","post","type-post","status-publish","format-standard","has-post-thumbnail","hentry","category-noticias"],"_links":{"self":[{"href":"https:\/\/vicerrectorias.utp.edu.co\/responsabilidad-social\/wp-json\/wp\/v2\/posts\/3101","targetHints":{"allow":["GET"]}}],"collection":[{"href":"https:\/\/vicerrectorias.utp.edu.co\/responsabilidad-social\/wp-json\/wp\/v2\/posts"}],"about":[{"href":"https:\/\/vicerrectorias.utp.edu.co\/responsabilidad-social\/wp-json\/wp\/v2\/types\/post"}],"replies":[{"embeddable":true,"href":"https:\/\/vicerrectorias.utp.edu.co\/responsabilidad-social\/wp-json\/wp\/v2\/comments?post=3101"}],"version-history":[{"count":1,"href":"https:\/\/vicerrectorias.utp.edu.co\/responsabilidad-social\/wp-json\/wp\/v2\/posts\/3101\/revisions"}],"predecessor-version":[{"id":9314,"href":"https:\/\/vicerrectorias.utp.edu.co\/responsabilidad-social\/wp-json\/wp\/v2\/posts\/3101\/revisions\/9314"}],"wp:featuredmedia":[{"embeddable":true,"href":"https:\/\/vicerrectorias.utp.edu.co\/responsabilidad-social\/wp-json\/wp\/v2\/media\/60154"}],"wp:attachment":[{"href":"https:\/\/vicerrectorias.utp.edu.co\/responsabilidad-social\/wp-json\/wp\/v2\/media?parent=3101"}],"wp:term":[{"taxonomy":"category","embeddable":true,"href":"https:\/\/vicerrectorias.utp.edu.co\/responsabilidad-social\/wp-json\/wp\/v2\/categories?post=3101"},{"taxonomy":"post_tag","embeddable":true,"href":"https:\/\/vicerrectorias.utp.edu.co\/responsabilidad-social\/wp-json\/wp\/v2\/tags?post=3101"}],"curies":[{"name":"wp","href":"https:\/\/api.w.org\/{rel}","templated":true}]}}