{"id":3081,"date":"2017-03-17T08:33:21","date_gmt":"2017-03-17T07:33:21","guid":{"rendered":""},"modified":"2024-08-15T15:52:50","modified_gmt":"2024-08-15T13:52:50","slug":"utp-numero-1-en-indice-de-gestion-de-proyectos","status":"publish","type":"post","link":"https:\/\/vicerrectorias.utp.edu.co\/responsabilidad-social\/utp-numero-1-en-indice-de-gestion-de-proyectos\/","title":{"rendered":"UTP n\u00famero 1 en \u00cdndice de Gesti\u00f3n de Proyectos"},"content":{"rendered":"\n<p><span class=\"post-content__span\"> UTP n\u00famero 1 en \u00cdndice de Gesti\u00f3n de Proyectos de Regal\u00edas<\/p>\n\n\n\n<p><span class=\"post-content__span\"> Como una noticia que regocija a la comunidad universitaria, hoy se conocieron los resultados de la publicaci\u00f3n del \u00cdndice de Gesti\u00f3n de Proyectos de Regal\u00edas &nbsp;&#8211; IGPR &#8211; &nbsp;con corte al cuarto trimestre de 2016, donde la UTP ocup\u00f3 el primer lugar.<\/p>\n\n\n\n<p><span class=\"post-content__span\"> Con un puntaje de 90,96 se destaca que la Universidad Tecnol\u00f3gica de Pereira obtuvo el mejor puntaje en la escala medici\u00f3n mencionada, ocupando el primer puesto de un total de 19 entidades ejecutoras en el Departamento y el puesto 37 de las 1196 entidades a nivel nacional.<\/p>\n\n\n\n<p><span class=\"post-content__span\"> Es as\u00ed como la UTP,&nbsp; la universidad p\u00fablica de Risaralda en cabeza de su Rector Luis Fernando Gaviria Trujillo, se consolida como una instituci\u00f3n que &nbsp;sobresale a nivel nacional en administraci\u00f3n de recursos y transparencia.&nbsp;<\/p>\n","protected":false},"excerpt":{"rendered":"<p>UTP n\u00famero 1 en \u00cdndice de Gesti\u00f3n de Proyectos de Regal\u00edas Como una noticia que regocija a la comunidad universitaria, [&hellip;]<\/p>\n","protected":false},"author":0,"featured_media":60152,"comment_status":"closed","ping_status":"closed","sticky":false,"template":"","format":"standard","meta":{"footnotes":""},"categories":[3],"tags":[],"class_list":["post-3081","post","type-post","status-publish","format-standard","has-post-thumbnail","hentry","category-noticias"],"_links":{"self":[{"href":"https:\/\/vicerrectorias.utp.edu.co\/responsabilidad-social\/wp-json\/wp\/v2\/posts\/3081","targetHints":{"allow":["GET"]}}],"collection":[{"href":"https:\/\/vicerrectorias.utp.edu.co\/responsabilidad-social\/wp-json\/wp\/v2\/posts"}],"about":[{"href":"https:\/\/vicerrectorias.utp.edu.co\/responsabilidad-social\/wp-json\/wp\/v2\/types\/post"}],"replies":[{"embeddable":true,"href":"https:\/\/vicerrectorias.utp.edu.co\/responsabilidad-social\/wp-json\/wp\/v2\/comments?post=3081"}],"version-history":[{"count":1,"href":"https:\/\/vicerrectorias.utp.edu.co\/responsabilidad-social\/wp-json\/wp\/v2\/posts\/3081\/revisions"}],"predecessor-version":[{"id":9316,"href":"https:\/\/vicerrectorias.utp.edu.co\/responsabilidad-social\/wp-json\/wp\/v2\/posts\/3081\/revisions\/9316"}],"wp:featuredmedia":[{"embeddable":true,"href":"https:\/\/vicerrectorias.utp.edu.co\/responsabilidad-social\/wp-json\/wp\/v2\/media\/60152"}],"wp:attachment":[{"href":"https:\/\/vicerrectorias.utp.edu.co\/responsabilidad-social\/wp-json\/wp\/v2\/media?parent=3081"}],"wp:term":[{"taxonomy":"category","embeddable":true,"href":"https:\/\/vicerrectorias.utp.edu.co\/responsabilidad-social\/wp-json\/wp\/v2\/categories?post=3081"},{"taxonomy":"post_tag","embeddable":true,"href":"https:\/\/vicerrectorias.utp.edu.co\/responsabilidad-social\/wp-json\/wp\/v2\/tags?post=3081"}],"curies":[{"name":"wp","href":"https:\/\/api.w.org\/{rel}","templated":true}]}}