{"id":3071,"date":"2017-03-15T08:31:42","date_gmt":"2017-03-15T07:31:42","guid":{"rendered":""},"modified":"2024-08-16T11:21:55","modified_gmt":"2024-08-16T09:21:55","slug":"dialogo-con-estudiantes","status":"publish","type":"post","link":"https:\/\/vicerrectorias.utp.edu.co\/responsabilidad-social\/dialogo-con-estudiantes\/","title":{"rendered":"Di\u00e1logo con Estudiantes"},"content":{"rendered":"\n<p><span class=\"post-content__span\"> Di\u00e1logo con Estudiantes e Informe Facultad de Tecnolog\u00eda<\/p>\n\n\n\n<p><span class=\"post-content__span\"> <span><img decoding=\"async\" src=\"https:\/\/comunicaciones.utp.edu.co\/wp-content\/uploads\/sites\/2\/dialogos-con-estudiantes-campus.jpg\" alt=\"Di\u00e1logos con estudiantes\"><\/span><\/p>\n\n\n\n<p><span class=\"post-content__span\"> <span><span>Para dar a conocer el quehacer de cada una de las facultades y generar una relaci\u00f3n cercana entre estudiantes, academia y alta direcci\u00f3n, a partir de este 14 de marzo se dar\u00e1 inicio a los \u201cDi\u00e1logos con Estudiantes\u201d, a los cuales estamos invitando a toda la comunidad de la UTP.<\/span><\/span><\/p>\n\n\n\n<figure class=\"wp-block-image\"><img decoding=\"async\" src=\"https:\/\/comunicaciones.utp.edu.co\/wp-content\/uploads\/sites\/2\/facultad-de-tecnologia.jpg\" alt=\"\"\/><\/figure>\n","protected":false},"excerpt":{"rendered":"<p>Di\u00e1logo con Estudiantes e Informe Facultad de Tecnolog\u00eda Para dar a conocer el quehacer de cada una de las facultades [&hellip;]<\/p>\n","protected":false},"author":0,"featured_media":60151,"comment_status":"closed","ping_status":"closed","sticky":false,"template":"","format":"standard","meta":{"footnotes":""},"categories":[3],"tags":[],"class_list":["post-3071","post","type-post","status-publish","format-standard","has-post-thumbnail","hentry","category-noticias"],"_links":{"self":[{"href":"https:\/\/vicerrectorias.utp.edu.co\/responsabilidad-social\/wp-json\/wp\/v2\/posts\/3071","targetHints":{"allow":["GET"]}}],"collection":[{"href":"https:\/\/vicerrectorias.utp.edu.co\/responsabilidad-social\/wp-json\/wp\/v2\/posts"}],"about":[{"href":"https:\/\/vicerrectorias.utp.edu.co\/responsabilidad-social\/wp-json\/wp\/v2\/types\/post"}],"replies":[{"embeddable":true,"href":"https:\/\/vicerrectorias.utp.edu.co\/responsabilidad-social\/wp-json\/wp\/v2\/comments?post=3071"}],"version-history":[{"count":2,"href":"https:\/\/vicerrectorias.utp.edu.co\/responsabilidad-social\/wp-json\/wp\/v2\/posts\/3071\/revisions"}],"predecessor-version":[{"id":60936,"href":"https:\/\/vicerrectorias.utp.edu.co\/responsabilidad-social\/wp-json\/wp\/v2\/posts\/3071\/revisions\/60936"}],"wp:featuredmedia":[{"embeddable":true,"href":"https:\/\/vicerrectorias.utp.edu.co\/responsabilidad-social\/wp-json\/wp\/v2\/media\/60151"}],"wp:attachment":[{"href":"https:\/\/vicerrectorias.utp.edu.co\/responsabilidad-social\/wp-json\/wp\/v2\/media?parent=3071"}],"wp:term":[{"taxonomy":"category","embeddable":true,"href":"https:\/\/vicerrectorias.utp.edu.co\/responsabilidad-social\/wp-json\/wp\/v2\/categories?post=3071"},{"taxonomy":"post_tag","embeddable":true,"href":"https:\/\/vicerrectorias.utp.edu.co\/responsabilidad-social\/wp-json\/wp\/v2\/tags?post=3071"}],"curies":[{"name":"wp","href":"https:\/\/api.w.org\/{rel}","templated":true}]}}