{"id":3061,"date":"2017-03-14T09:20:25","date_gmt":"2017-03-14T08:20:25","guid":{"rendered":""},"modified":"2024-08-15T15:52:50","modified_gmt":"2024-08-15T13:52:50","slug":"ultimos-acuerdos-consejo-superior-universitario","status":"publish","type":"post","link":"https:\/\/vicerrectorias.utp.edu.co\/responsabilidad-social\/ultimos-acuerdos-consejo-superior-universitario\/","title":{"rendered":"\u00daltimos Acuerdos Consejo Superior Universitario"},"content":{"rendered":"\n<p><span class=\"post-content__span\"> \u00daltimos Acuerdos aprobados por el Consejo Superior Universitario<\/p>\n\n\n\n<p><span class=\"post-content__span\"> <span>La Secretar\u00eda General informa que los siguientes son los \u00faltimos Acuerdos aprobados por el Consejo Superior Universitario:<\/span><\/p>\n\n\n\n<p><span class=\"post-content__span\"> <a rel=\"nofollow\" href=\"https:\/\/www.utp.edu.co\/cms-utp\/data\/bin\/UTP\/web\/uploads\/media\/comunicaciones\/documentos\/Acuerdo-No-13.pdf\">Acuerdo No. 13 Por medio del cual se modifica el Acuerdo 17 de 2013, que autoriza el funcionamiento del programa de Especializaci\u00f3n en Procesos Industriales Agroalimentarios y se adoptan otras disposiciones.<\/a><\/p>\n\n\n\n<p><span class=\"post-content__span\"> <a rel=\"nofollow\" href=\"https:\/\/www.utp.edu.co\/cms-utp\/data\/bin\/UTP\/web\/uploads\/media\/comunicaciones\/documentos\/Acuerdo-No-14.pdf\">Acuerdo No. 14 Por medio del cual se modifica el Acuerdo 18 de 2013, que aprob\u00f3 el plan de estudios del programa de Especializaci\u00f3n en Procesos Industriales Agroalimentarios y se adoptan otras disposiciones.<\/a><\/p>\n\n\n\n<p><span class=\"post-content__span\"> <a rel=\"nofollow\" href=\"https:\/\/www.utp.edu.co\/cms-utp\/data\/bin\/UTP\/web\/uploads\/media\/comunicaciones\/documentos\/Acuerdo-No-15.pdf\">Acuerdo No. 15 Por medio del cual se modifica el Acuerdo 42 de 2014, que autoriz\u00f3 el funcionamiento del programa Maestr\u00eda en Desarrollo Agroindustrial y se adoptan otras disposiciones.<\/a><\/p>\n\n\n\n<p><span class=\"post-content__span\"> <a rel=\"nofollow\" href=\"https:\/\/www.utp.edu.co\/cms-utp\/data\/bin\/UTP\/web\/uploads\/media\/comunicaciones\/documentos\/Acuerdo-No-16.pdf\">Acuerdo No. 16 Por medio del cual se modifica el Acuerdo 43 de 2014, que aprob\u00f3 el Plan de Estudios del programa de Maestr\u00eda en Desarrollo Agroindustrial y se adoptan otras disposiciones.<\/a><\/p>\n\n\n\n<p><span class=\"post-content__span\"> <a rel=\"nofollow\" href=\"https:\/\/www.utp.edu.co\/cms-utp\/data\/bin\/UTP\/web\/uploads\/media\/comunicaciones\/documentos\/Acuerdo-No-17.pdf\">Acuerdo No. 17 Por medio del cual se modifica el Acuerdo 56 de 2015, que autoriza el funcionamiento del programa Ingenier\u00eda en Procesos Sostenibles de las Maderas.<\/a><\/p>\n\n\n\n<p><span class=\"post-content__span\"> <a rel=\"nofollow\" href=\"https:\/\/www.utp.edu.co\/cms-utp\/data\/bin\/UTP\/web\/uploads\/media\/comunicaciones\/documentos\/Acuerdo-No-18.pdf\">Acuerdo No. 18 del 08 de marzo de 2017, Por medio del cual se modifica el Acuerdo 15 de 2015, que ajust\u00f3 el programa de Licenciatura en Biling\u00fcismo para el requisito de Grado y suficiencia en lengua Inglesa.&nbsp;<\/a><\/p>\n\n\n\n<p><span class=\"post-content__span\"> <a rel=\"nofollow\" href=\"https:\/\/www.utp.edu.co\/cms-utp\/data\/bin\/UTP\/web\/uploads\/media\/comunicaciones\/documentos\/Acuerdo-No-19.pdf\">Acuerdos No. 19 del 08 de marzo de 2017, Por medio del cual se autoriza el funcionamiento del programa de Licenciatura en Filosof\u00eda Jornada Diruna y se adoptan otras disposiciones.<\/a><\/p>\n\n\n\n<p><span class=\"post-content__span\"> <a rel=\"nofollow\" href=\"https:\/\/www.utp.edu.co\/cms-utp\/data\/bin\/UTP\/web\/uploads\/media\/comunicaciones\/documentos\/Acuerdo-No-20.pdf\">Acuerdo No. 20 del 08 de marzo de 2017, Por medio del cual se modifica el Plan de Estudios del programa Licenciatura en Filosof\u00eda Jornada Diurna y se dictan otras disposiciones.&nbsp;<\/a><\/p>\n\n\n\n<p><span class=\"post-content__span\"> <a rel=\"nofollow\" href=\"https:\/\/www.utp.edu.co\/cms-utp\/data\/bin\/UTP\/web\/uploads\/media\/comunicaciones\/documentos\/Acuerdo-No-21.pdf\">Acuerdo No. 21 del 08 de marzo de 2017, Por medio del cual se autoriza la devoluci\u00f3n del pago de matr\u00edcula de cursos intersemestrales.<\/a><\/p>\n","protected":false},"excerpt":{"rendered":"<p>\u00daltimos Acuerdos aprobados por el Consejo Superior Universitario La Secretar\u00eda General informa que los siguientes son los \u00faltimos Acuerdos aprobados [&hellip;]<\/p>\n","protected":false},"author":0,"featured_media":60150,"comment_status":"closed","ping_status":"closed","sticky":false,"template":"","format":"standard","meta":{"footnotes":""},"categories":[3],"tags":[],"class_list":["post-3061","post","type-post","status-publish","format-standard","has-post-thumbnail","hentry","category-noticias"],"_links":{"self":[{"href":"https:\/\/vicerrectorias.utp.edu.co\/responsabilidad-social\/wp-json\/wp\/v2\/posts\/3061","targetHints":{"allow":["GET"]}}],"collection":[{"href":"https:\/\/vicerrectorias.utp.edu.co\/responsabilidad-social\/wp-json\/wp\/v2\/posts"}],"about":[{"href":"https:\/\/vicerrectorias.utp.edu.co\/responsabilidad-social\/wp-json\/wp\/v2\/types\/post"}],"replies":[{"embeddable":true,"href":"https:\/\/vicerrectorias.utp.edu.co\/responsabilidad-social\/wp-json\/wp\/v2\/comments?post=3061"}],"version-history":[{"count":1,"href":"https:\/\/vicerrectorias.utp.edu.co\/responsabilidad-social\/wp-json\/wp\/v2\/posts\/3061\/revisions"}],"predecessor-version":[{"id":9318,"href":"https:\/\/vicerrectorias.utp.edu.co\/responsabilidad-social\/wp-json\/wp\/v2\/posts\/3061\/revisions\/9318"}],"wp:featuredmedia":[{"embeddable":true,"href":"https:\/\/vicerrectorias.utp.edu.co\/responsabilidad-social\/wp-json\/wp\/v2\/media\/60150"}],"wp:attachment":[{"href":"https:\/\/vicerrectorias.utp.edu.co\/responsabilidad-social\/wp-json\/wp\/v2\/media?parent=3061"}],"wp:term":[{"taxonomy":"category","embeddable":true,"href":"https:\/\/vicerrectorias.utp.edu.co\/responsabilidad-social\/wp-json\/wp\/v2\/categories?post=3061"},{"taxonomy":"post_tag","embeddable":true,"href":"https:\/\/vicerrectorias.utp.edu.co\/responsabilidad-social\/wp-json\/wp\/v2\/tags?post=3061"}],"curies":[{"name":"wp","href":"https:\/\/api.w.org\/{rel}","templated":true}]}}