{"id":3041,"date":"2017-03-02T09:07:32","date_gmt":"2017-03-02T08:07:32","guid":{"rendered":""},"modified":"2024-08-15T15:52:50","modified_gmt":"2024-08-15T13:52:50","slug":"acuerdo-no-12","status":"publish","type":"post","link":"https:\/\/vicerrectorias.utp.edu.co\/responsabilidad-social\/acuerdo-no-12\/","title":{"rendered":"Acuerdo No. 12"},"content":{"rendered":"\n<p><span class=\"post-content__span\"> Acuerdo No. 12 Por medio del cual se modifica el Art\u00edculo primero del Acuerdo No. 10 de 2005 Movilidad Acad\u00e9mica<\/p>\n\n\n\n<p><span class=\"post-content__span\"> <span>La Secretar\u00eda general informa que mediante Acuerdo No. 12 del 23 de febrero de 2017, se modifica el art\u00edculo primero del Acuerdo No. 10 de 2005 y se dictan otras disposiciones, relacionado con movilidad acad\u00e9mica,&nbsp;<a rel=\"nofollow\" href=\"https:\/\/www.utp.edu.co\/cms-utp\/data\/bin\/UTP\/web\/uploads\/media\/comunicaciones\/documentos\/Acuerdo-Movilidad.pdf\">ver adjunto.<\/a><\/span><\/p>\n","protected":false},"excerpt":{"rendered":"<p>Acuerdo No. 12 Por medio del cual se modifica el Art\u00edculo primero del Acuerdo No. 10 de 2005 Movilidad Acad\u00e9mica [&hellip;]<\/p>\n","protected":false},"author":0,"featured_media":60148,"comment_status":"closed","ping_status":"closed","sticky":false,"template":"","format":"standard","meta":{"footnotes":""},"categories":[3],"tags":[],"class_list":["post-3041","post","type-post","status-publish","format-standard","has-post-thumbnail","hentry","category-noticias"],"_links":{"self":[{"href":"https:\/\/vicerrectorias.utp.edu.co\/responsabilidad-social\/wp-json\/wp\/v2\/posts\/3041","targetHints":{"allow":["GET"]}}],"collection":[{"href":"https:\/\/vicerrectorias.utp.edu.co\/responsabilidad-social\/wp-json\/wp\/v2\/posts"}],"about":[{"href":"https:\/\/vicerrectorias.utp.edu.co\/responsabilidad-social\/wp-json\/wp\/v2\/types\/post"}],"replies":[{"embeddable":true,"href":"https:\/\/vicerrectorias.utp.edu.co\/responsabilidad-social\/wp-json\/wp\/v2\/comments?post=3041"}],"version-history":[{"count":1,"href":"https:\/\/vicerrectorias.utp.edu.co\/responsabilidad-social\/wp-json\/wp\/v2\/posts\/3041\/revisions"}],"predecessor-version":[{"id":9321,"href":"https:\/\/vicerrectorias.utp.edu.co\/responsabilidad-social\/wp-json\/wp\/v2\/posts\/3041\/revisions\/9321"}],"wp:featuredmedia":[{"embeddable":true,"href":"https:\/\/vicerrectorias.utp.edu.co\/responsabilidad-social\/wp-json\/wp\/v2\/media\/60148"}],"wp:attachment":[{"href":"https:\/\/vicerrectorias.utp.edu.co\/responsabilidad-social\/wp-json\/wp\/v2\/media?parent=3041"}],"wp:term":[{"taxonomy":"category","embeddable":true,"href":"https:\/\/vicerrectorias.utp.edu.co\/responsabilidad-social\/wp-json\/wp\/v2\/categories?post=3041"},{"taxonomy":"post_tag","embeddable":true,"href":"https:\/\/vicerrectorias.utp.edu.co\/responsabilidad-social\/wp-json\/wp\/v2\/tags?post=3041"}],"curies":[{"name":"wp","href":"https:\/\/api.w.org\/{rel}","templated":true}]}}