{"id":3031,"date":"2017-03-01T11:23:35","date_gmt":"2017-03-01T10:23:35","guid":{"rendered":""},"modified":"2024-08-16T13:49:19","modified_gmt":"2024-08-16T11:49:19","slug":"el-pai-le-apuesta-a-la-formacion-integral","status":"publish","type":"post","link":"https:\/\/vicerrectorias.utp.edu.co\/responsabilidad-social\/el-pai-le-apuesta-a-la-formacion-integral\/","title":{"rendered":"El P.A.I le apuesta a la formaci\u00f3n integral"},"content":{"rendered":"\n<p><span class=\"post-content__span\"> El P.A.I le apuesta a la formaci\u00f3n integral a trav\u00e9s del deporte<\/p>\n\n\n\n<p><span class=\"post-content__span\"> <img decoding=\"async\" src=\"https:\/\/comunicaciones.utp.edu.co\/wp-content\/uploads\/sites\/2\/28-debrero.jpg\" alt=\"El P.A.I le apuesta a la formaci\u00f3n integral a trav\u00e9s del deporte\"><\/p>\n\n\n\n<p><span class=\"post-content__span\"> La Vicerrector\u00eda de Responsabilidad Social y Bienestar Universitario a trav\u00e9s de su programa de acompa\u00f1amiento integral \u201cP.A.I\u201d, el proceso de formaci\u00f3n deportiva y el apoyo de practicantes del programa de Ciencias del Deporte y la Recreaci\u00f3n, trabajar\u00e1 en la formaci\u00f3n integral de los estudiantes con la realizaci\u00f3n de eventos deportivos.<\/p>\n\n\n\n<p><span class=\"post-content__span\"> El torneo interroscas de F\u00fatbol Sala que se llevar\u00e1 a cabo en este primer semestre acad\u00e9mico del a\u00f1o 2017, recibe el nombre de \u201cCopa de la Amistad UTP\u201d como una propuesta deportiva; la cual tiene como objetivo primordial recuperar el sentimiento de \u00abjugar\u00bb incluyendo el componente formativo,<\/p>\n\n\n\n<p><span class=\"post-content__span\"> Una de las estrategias para incluir este componente es a trav\u00e9s de talleres de sensibilizaci\u00f3n antes y durante el torneo, para ello se tiene programado en la semana del 27 de febrero al 3 de Marzo el primer taller sobre reglamentaci\u00f3n y filosof\u00eda del torneo al cual deben asistir todos los jugadores de los 86 equipos inscritos hasta el momento en esta segunda versi\u00f3n de la Copa; durante el desarrollo del torneo si se presentan sanciones a jugadores, estos deber\u00e1n asistir a talleres PAI de resoluci\u00f3n de conflictos como requisito para poder seguir participando de los partidos.<\/p>\n\n\n\n<p><span class=\"post-content__span\"> El Torneo arranca el viernes 3 de marzo por eso invitamos a toda la comunidad universitaria para que anime a sus equipos preferidos y nos acompa\u00f1e en esta apuesta llamada \u201cCopa de la Amistad U.T.P\u201d la cual tambi\u00e9n involucrar\u00e1 otras actividades deportivas como el Voleibol Playa, el Baloncesto 3&#215;3 y el F\u00fatbol\/Tenis, prontamente les informaremos m\u00e1s de estos otros componentes.<\/p>\n\n\n\n<p><span class=\"post-content__span\"> Los esperamos en la cancha sint\u00e9tica de la U.T.P &#8211; Zona Deportiva Sur.<\/p>\n","protected":false},"excerpt":{"rendered":"<p>El P.A.I le apuesta a la formaci\u00f3n integral a trav\u00e9s del deporte La Vicerrector\u00eda de Responsabilidad Social y Bienestar Universitario [&hellip;]<\/p>\n","protected":false},"author":0,"featured_media":60147,"comment_status":"closed","ping_status":"closed","sticky":false,"template":"","format":"standard","meta":{"footnotes":""},"categories":[3],"tags":[],"class_list":["post-3031","post","type-post","status-publish","format-standard","has-post-thumbnail","hentry","category-noticias"],"_links":{"self":[{"href":"https:\/\/vicerrectorias.utp.edu.co\/responsabilidad-social\/wp-json\/wp\/v2\/posts\/3031","targetHints":{"allow":["GET"]}}],"collection":[{"href":"https:\/\/vicerrectorias.utp.edu.co\/responsabilidad-social\/wp-json\/wp\/v2\/posts"}],"about":[{"href":"https:\/\/vicerrectorias.utp.edu.co\/responsabilidad-social\/wp-json\/wp\/v2\/types\/post"}],"replies":[{"embeddable":true,"href":"https:\/\/vicerrectorias.utp.edu.co\/responsabilidad-social\/wp-json\/wp\/v2\/comments?post=3031"}],"version-history":[{"count":2,"href":"https:\/\/vicerrectorias.utp.edu.co\/responsabilidad-social\/wp-json\/wp\/v2\/posts\/3031\/revisions"}],"predecessor-version":[{"id":60955,"href":"https:\/\/vicerrectorias.utp.edu.co\/responsabilidad-social\/wp-json\/wp\/v2\/posts\/3031\/revisions\/60955"}],"wp:featuredmedia":[{"embeddable":true,"href":"https:\/\/vicerrectorias.utp.edu.co\/responsabilidad-social\/wp-json\/wp\/v2\/media\/60147"}],"wp:attachment":[{"href":"https:\/\/vicerrectorias.utp.edu.co\/responsabilidad-social\/wp-json\/wp\/v2\/media?parent=3031"}],"wp:term":[{"taxonomy":"category","embeddable":true,"href":"https:\/\/vicerrectorias.utp.edu.co\/responsabilidad-social\/wp-json\/wp\/v2\/categories?post=3031"},{"taxonomy":"post_tag","embeddable":true,"href":"https:\/\/vicerrectorias.utp.edu.co\/responsabilidad-social\/wp-json\/wp\/v2\/tags?post=3031"}],"curies":[{"name":"wp","href":"https:\/\/api.w.org\/{rel}","templated":true}]}}