{"id":3021,"date":"2017-02-28T12:13:27","date_gmt":"2017-02-28T11:13:27","guid":{"rendered":""},"modified":"2024-08-15T15:52:50","modified_gmt":"2024-08-15T13:52:50","slug":"dos-programas-de-la-utp-recibieron-acreditacion-de","status":"publish","type":"post","link":"https:\/\/vicerrectorias.utp.edu.co\/responsabilidad-social\/dos-programas-de-la-utp-recibieron-acreditacion-de\/","title":{"rendered":"Dos programas de la UTP recibieron Acreditaci\u00f3n de"},"content":{"rendered":"\n<p><span class=\"post-content__span\"> Dos programas de la UTP recibieron Acreditaci\u00f3n de Alta Calidad<\/p>\n\n\n\n<p><span class=\"post-content__span\"> El programa de Qu\u00edmica Industrial y la Maestr\u00eda en Comunicaci\u00f3n Educativa recibieron del Ministerio de Educaci\u00f3n Nacional la Acreditaci\u00f3n de Alta Calidad por un periodo de 4 a\u00f1os.<\/p>\n\n\n\n<p><span class=\"post-content__span\"> <span><span><span><strong>Qu\u00edmica Industrial<\/strong><\/span><\/span><\/span><\/p>\n\n\n\n<p><span class=\"post-content__span\"> <span><span><span>Por medio de la resoluci\u00f3n 01454 del 03 de febrero de 2017 expedida por el Ministerio de Educaci\u00f3n Nacional, se otorga la acreditaci\u00f3n de alta calidad al Programa de&nbsp;<strong>Qu\u00edmica Industrial<\/strong>&nbsp;de la Universidad Tecnol\u00f3gica de Pereira, ofrecida bajo la metodolog\u00eda presencial en la ciudad de Pereira (Risaralda), por un periodo de 4 a\u00f1os.<\/span><\/span><\/span><\/p>\n\n\n\n<p><span class=\"post-content__span\"> <a rel=\"nofollow\" href=\"https:\/\/www.utp.edu.co\/cms-utp\/data\/bin\/UTP\/web\/uploads\/media\/comunicaciones\/documentos\/Resolucion-Quimica-Industrial.pdf\">Resoluci\u00f3n&nbsp;01454&nbsp;<\/a><\/p>\n\n\n\n<p><span class=\"post-content__span\"> <strong>Maestr\u00eda en Comunicaci\u00f3n Educativa<\/strong><\/p>\n\n\n\n<p><span class=\"post-content__span\"> Por medio de la resoluci\u00f3n 01469 del 06 de febrero de 2017 expedida por el Ministerio de Educaci\u00f3n Nacional, se otorga la acreditaci\u00f3n de alta calidad al Programa de&nbsp;<strong>Maestr\u00eda en Comunicaci\u00f3n Educativa<\/strong>&nbsp;de la Universidad Tecnol\u00f3gica de Pereira, ofrecido bajo la metodolog\u00eda presencial en la ciudad de Pereira (Risaralda), por un periodo de 4 a\u00f1os.<\/p>\n\n\n\n<p><span class=\"post-content__span\"> <a rel=\"nofollow\" href=\"https:\/\/www.utp.edu.co\/cms-utp\/data\/bin\/UTP\/web\/uploads\/media\/comunicaciones\/documentos\/Resolucion-Maestria-en-Comunicacion-Educativa.pdf\">Resoluci\u00f3n&nbsp;01469<\/a>&nbsp;<\/p>\n","protected":false},"excerpt":{"rendered":"<p>Dos programas de la UTP recibieron Acreditaci\u00f3n de Alta Calidad El programa de Qu\u00edmica Industrial y la Maestr\u00eda en Comunicaci\u00f3n [&hellip;]<\/p>\n","protected":false},"author":0,"featured_media":60146,"comment_status":"closed","ping_status":"closed","sticky":false,"template":"","format":"standard","meta":{"footnotes":""},"categories":[3],"tags":[],"class_list":["post-3021","post","type-post","status-publish","format-standard","has-post-thumbnail","hentry","category-noticias"],"_links":{"self":[{"href":"https:\/\/vicerrectorias.utp.edu.co\/responsabilidad-social\/wp-json\/wp\/v2\/posts\/3021","targetHints":{"allow":["GET"]}}],"collection":[{"href":"https:\/\/vicerrectorias.utp.edu.co\/responsabilidad-social\/wp-json\/wp\/v2\/posts"}],"about":[{"href":"https:\/\/vicerrectorias.utp.edu.co\/responsabilidad-social\/wp-json\/wp\/v2\/types\/post"}],"replies":[{"embeddable":true,"href":"https:\/\/vicerrectorias.utp.edu.co\/responsabilidad-social\/wp-json\/wp\/v2\/comments?post=3021"}],"version-history":[{"count":1,"href":"https:\/\/vicerrectorias.utp.edu.co\/responsabilidad-social\/wp-json\/wp\/v2\/posts\/3021\/revisions"}],"predecessor-version":[{"id":9323,"href":"https:\/\/vicerrectorias.utp.edu.co\/responsabilidad-social\/wp-json\/wp\/v2\/posts\/3021\/revisions\/9323"}],"wp:featuredmedia":[{"embeddable":true,"href":"https:\/\/vicerrectorias.utp.edu.co\/responsabilidad-social\/wp-json\/wp\/v2\/media\/60146"}],"wp:attachment":[{"href":"https:\/\/vicerrectorias.utp.edu.co\/responsabilidad-social\/wp-json\/wp\/v2\/media?parent=3021"}],"wp:term":[{"taxonomy":"category","embeddable":true,"href":"https:\/\/vicerrectorias.utp.edu.co\/responsabilidad-social\/wp-json\/wp\/v2\/categories?post=3021"},{"taxonomy":"post_tag","embeddable":true,"href":"https:\/\/vicerrectorias.utp.edu.co\/responsabilidad-social\/wp-json\/wp\/v2\/tags?post=3021"}],"curies":[{"name":"wp","href":"https:\/\/api.w.org\/{rel}","templated":true}]}}