{"id":3011,"date":"2017-02-24T09:11:08","date_gmt":"2017-02-24T08:11:08","guid":{"rendered":""},"modified":"2024-08-16T13:54:42","modified_gmt":"2024-08-16T11:54:42","slug":"empezo-sexta-cohorte-diplomado-por-la-paz-utp","status":"publish","type":"post","link":"https:\/\/vicerrectorias.utp.edu.co\/responsabilidad-social\/empezo-sexta-cohorte-diplomado-por-la-paz-utp\/","title":{"rendered":"Empez\u00f3 sexta cohorte Diplomado por la paz UTP"},"content":{"rendered":"\n<p><span class=\"post-content__span\"> Empez\u00f3 sexta cohorte del Diplomado por la paz de la UTP<\/p>\n\n\n\n<p><span class=\"post-content__span\"> <img decoding=\"async\" src=\"https:\/\/comunicaciones.utp.edu.co\/wp-content\/uploads\/sites\/2\/Logo-Escuela-de-Liderzgo-por-la-Paz.jpg\" alt=\"Empez\u00f3 sexta cohorte del Diplomado por la paz de la UTP \"><\/p>\n\n\n\n<p><span class=\"post-content__span\"> El pr\u00f3ximo s\u00e1bado, en el auditorio Jorge Roa Mart\u00ednez, se estudiar\u00e1n los distintos procesos de paz de los \u00faltimos 25 a\u00f1os en el pa\u00eds,\u00a0<a href=\"https:\/\/www.utp.edu.co\/cms-utp\/data\/bin\/UTP\/web\/uploads\/media\/comunicaciones\/documentos\/boletin-2-.pdf\" rel=\"nofollow\">ver comunicado.<\/a><\/p>\n","protected":false},"excerpt":{"rendered":"<p>Empez\u00f3 sexta cohorte del Diplomado por la paz de la UTP El pr\u00f3ximo s\u00e1bado, en el auditorio Jorge Roa Mart\u00ednez, [&hellip;]<\/p>\n","protected":false},"author":0,"featured_media":60145,"comment_status":"closed","ping_status":"closed","sticky":false,"template":"","format":"standard","meta":{"footnotes":""},"categories":[3],"tags":[],"class_list":["post-3011","post","type-post","status-publish","format-standard","has-post-thumbnail","hentry","category-noticias"],"_links":{"self":[{"href":"https:\/\/vicerrectorias.utp.edu.co\/responsabilidad-social\/wp-json\/wp\/v2\/posts\/3011","targetHints":{"allow":["GET"]}}],"collection":[{"href":"https:\/\/vicerrectorias.utp.edu.co\/responsabilidad-social\/wp-json\/wp\/v2\/posts"}],"about":[{"href":"https:\/\/vicerrectorias.utp.edu.co\/responsabilidad-social\/wp-json\/wp\/v2\/types\/post"}],"replies":[{"embeddable":true,"href":"https:\/\/vicerrectorias.utp.edu.co\/responsabilidad-social\/wp-json\/wp\/v2\/comments?post=3011"}],"version-history":[{"count":2,"href":"https:\/\/vicerrectorias.utp.edu.co\/responsabilidad-social\/wp-json\/wp\/v2\/posts\/3011\/revisions"}],"predecessor-version":[{"id":60963,"href":"https:\/\/vicerrectorias.utp.edu.co\/responsabilidad-social\/wp-json\/wp\/v2\/posts\/3011\/revisions\/60963"}],"wp:featuredmedia":[{"embeddable":true,"href":"https:\/\/vicerrectorias.utp.edu.co\/responsabilidad-social\/wp-json\/wp\/v2\/media\/60145"}],"wp:attachment":[{"href":"https:\/\/vicerrectorias.utp.edu.co\/responsabilidad-social\/wp-json\/wp\/v2\/media?parent=3011"}],"wp:term":[{"taxonomy":"category","embeddable":true,"href":"https:\/\/vicerrectorias.utp.edu.co\/responsabilidad-social\/wp-json\/wp\/v2\/categories?post=3011"},{"taxonomy":"post_tag","embeddable":true,"href":"https:\/\/vicerrectorias.utp.edu.co\/responsabilidad-social\/wp-json\/wp\/v2\/tags?post=3011"}],"curies":[{"name":"wp","href":"https:\/\/api.w.org\/{rel}","templated":true}]}}