{"id":2991,"date":"2017-02-22T09:06:07","date_gmt":"2017-02-22T08:06:07","guid":{"rendered":""},"modified":"2024-08-15T15:52:50","modified_gmt":"2024-08-15T13:52:50","slug":"utp-referente-de-risaralda-y-colombia","status":"publish","type":"post","link":"https:\/\/vicerrectorias.utp.edu.co\/responsabilidad-social\/utp-referente-de-risaralda-y-colombia\/","title":{"rendered":"UTP referente de Risaralda y Colombia"},"content":{"rendered":"\n<p><span class=\"post-content__span\"> UTP referente de Risaralda y Colombia<\/p>\n\n\n\n<p><span class=\"post-content__span\"> Por el aporte a la formaci\u00f3n de profesionales con pertinencia y de \u00e9xito, el crecimiento investigativo y el apoyo permanente al desarrollo econ\u00f3mico y social de Risaralda, el gobernador Sigifredo Salazar durante la celebraci\u00f3n de los 50 a\u00f1os del Departamento condecor\u00f3 a la Universidad Tecnol\u00f3gica de Pereira, en cabeza de su rector Luis Fernando Gaviria Trujillo, con la orden \u201cEstrella de Risaralda\u201d.<\/p>\n\n\n\n<p><span class=\"post-content__span\"> La distinci\u00f3n exalta la labor de la UTP que se ha convertido en referente regional de la formaci\u00f3n y de respaldo a los planes y programadas en pro del crecimiento de la regi\u00f3n; durante m\u00e1s de 50 a\u00f1os la UTP ha formado profesionales que llenan las expectativas del sector productivo de Risaralda.<\/p>\n\n\n\n<p><span class=\"post-content__span\"> Hoy alberga 16.998 estudiantes (cohorte 2017-1); de ellos 961 en posgrados a trav\u00e9s de 88 programas y 10 facultades la m\u00e1s reciente que dio apertura, la Facultad de Ciencias Agrarias y Agroindustriales. Ahora para garantizar la calidad de los procesos acad\u00e9micos, cuenta con 22 programas acreditados en alta calidad.<\/p>\n\n\n\n<p><span class=\"post-content__span\"> <strong>Infraestructura<\/strong><\/p>\n\n\n\n<p><span class=\"post-content__span\"> Durante la administraci\u00f3n de Gaviria Trujillo, con el respaldo del Consejo Superior, la UTP ha adelantado una tarea la construcci\u00f3n de nuevos espacios y el mejoramiento de los existentes, para satisfacer las necesidades ante el crecimiento de la poblaci\u00f3n estudiantil tanto de pregrado como de postgrado; los cerca de 29 proyectos, unos concluidos y otros en ejecuci\u00f3n o proyecci\u00f3n contando dotaci\u00f3n superan los 39.993.millones de pesos, en los \u00faltimos dos a\u00f1os.<\/p>\n\n\n\n<p><span class=\"post-content__span\"> <strong>Los rankigs<\/strong><\/p>\n\n\n\n<p><span class=\"post-content__span\"> La UTP se ubica en excelente posici\u00f3n en distintos estudios y escalafones que miden el trabajo de los centros de educaci\u00f3n superior:<\/p>\n\n\n\n<p><span class=\"post-content__span\"> Green Metric segunda entre las universidades p\u00fablicas del pa\u00eds y en el puesto 177 en el mundo (191 2015) estudio que analiza temas ambientales; U-Sapiens puesto 12 entre 250 instituciones de educaci\u00f3n superior y que analiza las publicaciones en materia de investigaci\u00f3n; ASC-Sapiens 2016 lugar 10, eval\u00faa la participaci\u00f3n ciudadana en ciencia, tecnolog\u00eda e innovaci\u00f3n; SCimago, puesto 10 en Colombia por su trabajo en investigaci\u00f3n, innovaci\u00f3n e impacto social; Art- Sapiens, en donde qued\u00f3 en la posici\u00f3n 11 en Colombia.<\/p>\n\n\n\n<p><span class=\"post-content__span\"> <strong>Hechos relevantes<\/strong><\/p>\n\n\n\n<p><span class=\"post-content__span\"> Universidad para la paz, es uno de los programas que busca llegar con formaci\u00f3n superior a la poblaci\u00f3n que as\u00ed lo requiere y que beneficia a 140 j\u00f3venes de los municipios del occidente de Risaralda que se ejecuta en alianza con el Ministerio de Educaci\u00f3n Nacional y la Gobernaci\u00f3n; Becas Pa\u2019pepas, en alianza con la Alcald\u00eda de Pereira y que beneficia a 1000 j\u00f3venes de escasos recursos; as\u00ed como m\u00e1s de 600 estudiantes del programa estatal Ser Pilo Paga que alberga la UTP; hoy el 80% de la poblaci\u00f3n estudiantil pertenece a los estratos 1, 2 y 3.<\/p>\n\n\n\n<p><span class=\"post-content__span\"> Aunque el papel de la universidad es como formador de profesionales, esto no la aparta de cumplir una labor de respaldo a diferentes procesos en la regi\u00f3n como acompa\u00f1amiento a la formulaci\u00f3n y socializaci\u00f3n del Plan de Desarrollo Municipal 2016-2019 \u201cPereira Capital del Eje\u201d; proceso de selecci\u00f3n del Curador Urbano 1 y Curador Urbano 2 de Pereira y a la Universidad del Choc\u00f3, en los diferentes procesos para alcanzar la acreditaci\u00f3n de alta calidad entre otros.<\/p>\n","protected":false},"excerpt":{"rendered":"<p>UTP referente de Risaralda y Colombia Por el aporte a la formaci\u00f3n de profesionales con pertinencia y de \u00e9xito, el [&hellip;]<\/p>\n","protected":false},"author":0,"featured_media":60142,"comment_status":"closed","ping_status":"closed","sticky":false,"template":"","format":"standard","meta":{"footnotes":""},"categories":[3],"tags":[],"class_list":["post-2991","post","type-post","status-publish","format-standard","has-post-thumbnail","hentry","category-noticias"],"_links":{"self":[{"href":"https:\/\/vicerrectorias.utp.edu.co\/responsabilidad-social\/wp-json\/wp\/v2\/posts\/2991","targetHints":{"allow":["GET"]}}],"collection":[{"href":"https:\/\/vicerrectorias.utp.edu.co\/responsabilidad-social\/wp-json\/wp\/v2\/posts"}],"about":[{"href":"https:\/\/vicerrectorias.utp.edu.co\/responsabilidad-social\/wp-json\/wp\/v2\/types\/post"}],"replies":[{"embeddable":true,"href":"https:\/\/vicerrectorias.utp.edu.co\/responsabilidad-social\/wp-json\/wp\/v2\/comments?post=2991"}],"version-history":[{"count":1,"href":"https:\/\/vicerrectorias.utp.edu.co\/responsabilidad-social\/wp-json\/wp\/v2\/posts\/2991\/revisions"}],"predecessor-version":[{"id":9326,"href":"https:\/\/vicerrectorias.utp.edu.co\/responsabilidad-social\/wp-json\/wp\/v2\/posts\/2991\/revisions\/9326"}],"wp:featuredmedia":[{"embeddable":true,"href":"https:\/\/vicerrectorias.utp.edu.co\/responsabilidad-social\/wp-json\/wp\/v2\/media\/60142"}],"wp:attachment":[{"href":"https:\/\/vicerrectorias.utp.edu.co\/responsabilidad-social\/wp-json\/wp\/v2\/media?parent=2991"}],"wp:term":[{"taxonomy":"category","embeddable":true,"href":"https:\/\/vicerrectorias.utp.edu.co\/responsabilidad-social\/wp-json\/wp\/v2\/categories?post=2991"},{"taxonomy":"post_tag","embeddable":true,"href":"https:\/\/vicerrectorias.utp.edu.co\/responsabilidad-social\/wp-json\/wp\/v2\/tags?post=2991"}],"curies":[{"name":"wp","href":"https:\/\/api.w.org\/{rel}","templated":true}]}}