{"id":2961,"date":"2017-02-17T10:12:59","date_gmt":"2017-02-17T09:12:59","guid":{"rendered":""},"modified":"2024-08-15T15:52:51","modified_gmt":"2024-08-15T13:52:51","slug":"calendario-electoral-2017","status":"publish","type":"post","link":"https:\/\/vicerrectorias.utp.edu.co\/responsabilidad-social\/calendario-electoral-2017\/","title":{"rendered":"Calendario Electoral 2017"},"content":{"rendered":"\n<p><span class=\"post-content__span\"> Calendario Electoral 2017<\/p>\n\n\n\n<p><span class=\"post-content__span\"> La Secretar\u00eda General informa a la comunidad universitaria que mediante Resoluci\u00f3n No. 1901 del 10 de febrero de 2017, se adopta el Calendario Electoral para el a\u00f1o 2017 y se dictan otras disposiciones,<a rel=\"nofollow\" href=\"https:\/\/www.utp.edu.co\/cms-utp\/data\/bin\/UTP\/web\/uploads\/media\/comunicaciones\/documentos\/Resolucion-No-1901-Calendario-Electoral-2017-PDF.pdf\">&nbsp;ver adjunto.<\/a><\/p>\n","protected":false},"excerpt":{"rendered":"<p>Calendario Electoral 2017 La Secretar\u00eda General informa a la comunidad universitaria que mediante Resoluci\u00f3n No. 1901 del 10 de febrero [&hellip;]<\/p>\n","protected":false},"author":0,"featured_media":60138,"comment_status":"closed","ping_status":"closed","sticky":false,"template":"","format":"standard","meta":{"footnotes":""},"categories":[3],"tags":[],"class_list":["post-2961","post","type-post","status-publish","format-standard","has-post-thumbnail","hentry","category-noticias"],"_links":{"self":[{"href":"https:\/\/vicerrectorias.utp.edu.co\/responsabilidad-social\/wp-json\/wp\/v2\/posts\/2961","targetHints":{"allow":["GET"]}}],"collection":[{"href":"https:\/\/vicerrectorias.utp.edu.co\/responsabilidad-social\/wp-json\/wp\/v2\/posts"}],"about":[{"href":"https:\/\/vicerrectorias.utp.edu.co\/responsabilidad-social\/wp-json\/wp\/v2\/types\/post"}],"replies":[{"embeddable":true,"href":"https:\/\/vicerrectorias.utp.edu.co\/responsabilidad-social\/wp-json\/wp\/v2\/comments?post=2961"}],"version-history":[{"count":1,"href":"https:\/\/vicerrectorias.utp.edu.co\/responsabilidad-social\/wp-json\/wp\/v2\/posts\/2961\/revisions"}],"predecessor-version":[{"id":9338,"href":"https:\/\/vicerrectorias.utp.edu.co\/responsabilidad-social\/wp-json\/wp\/v2\/posts\/2961\/revisions\/9338"}],"wp:featuredmedia":[{"embeddable":true,"href":"https:\/\/vicerrectorias.utp.edu.co\/responsabilidad-social\/wp-json\/wp\/v2\/media\/60138"}],"wp:attachment":[{"href":"https:\/\/vicerrectorias.utp.edu.co\/responsabilidad-social\/wp-json\/wp\/v2\/media?parent=2961"}],"wp:term":[{"taxonomy":"category","embeddable":true,"href":"https:\/\/vicerrectorias.utp.edu.co\/responsabilidad-social\/wp-json\/wp\/v2\/categories?post=2961"},{"taxonomy":"post_tag","embeddable":true,"href":"https:\/\/vicerrectorias.utp.edu.co\/responsabilidad-social\/wp-json\/wp\/v2\/tags?post=2961"}],"curies":[{"name":"wp","href":"https:\/\/api.w.org\/{rel}","templated":true}]}}