{"id":2951,"date":"2017-02-15T09:01:46","date_gmt":"2017-02-15T08:01:46","guid":{"rendered":""},"modified":"2024-08-15T15:52:51","modified_gmt":"2024-08-15T13:52:51","slug":"quieres-jugar-futbol-6x6-en-la-sintetica-de-la-ut","status":"publish","type":"post","link":"https:\/\/vicerrectorias.utp.edu.co\/responsabilidad-social\/quieres-jugar-futbol-6x6-en-la-sintetica-de-la-ut\/","title":{"rendered":"\u00bfQuieres Jugar F\u00fatbol 6&#215;6 en la Sint\u00e9tica de la UT"},"content":{"rendered":"\n<p><span class=\"post-content__span\"> \u00bfQuieres Jugar F\u00fatbol 6&#215;6 en la Sint\u00e9tica de la UTP?<\/p>\n\n\n\n<p><span class=\"post-content__span\"> <span>Organiza tu equipo e inscr\u00edbelo. Vuelve la Copa.<\/span><\/p>\n\n\n\n<p><span class=\"post-content__span\"> <span>La&nbsp;<\/span><span>Vicerrector\u00eda de Responsabilidad Social y Bienestar Universitario a trav\u00e9s de su proceso de formaci\u00f3n deportiva y el P.A.I&nbsp;<\/span><\/p>\n\n\n\n<p><span class=\"post-content__span\"> <span>Te invitan para que participes de la \u00abII COPA DE LA AMISTAD UTP\u00bb.<\/span><\/p>\n\n\n\n<p><span class=\"post-content__span\"> <span>Reuni\u00f3n Informativa jueves 16 de febrero<\/span><\/p>\n\n\n\n<p><span class=\"post-content__span\"> <span>Lugar: &nbsp; &nbsp; Sala Magistral Bloque 13 primer piso<\/span><\/p>\n\n\n\n<p><span class=\"post-content__span\"> <span>Hora : &nbsp; &nbsp; 12:00 m<\/span><\/p>\n\n\n\n<p><span class=\"post-content__span\"> <span>Inicio del Torneo : 23 de frebrero<\/span><\/p>\n\n\n\n<p><span class=\"post-content__span\"> <span>No faltes.<\/span><\/p>\n\n\n\n<p><span class=\"post-content__span\"> <span>Mayores informes en el edificio No. 2 de la V.R.S y B.U &nbsp;ofic. 2-202 ext. 7576 o por correo electr\u00f3nico<\/span><\/p>\n\n\n\n<figure class=\"wp-block-image\"><img decoding=\"async\" src=\"https:\/\/comunicaciones.utp.edu.co\/wp-content\/uploads\/sites\/2\/Afiche-Interroscas.jpg\" alt=\"\"\/><\/figure>\n","protected":false},"excerpt":{"rendered":"<p>\u00bfQuieres Jugar F\u00fatbol 6&#215;6 en la Sint\u00e9tica de la UTP? Organiza tu equipo e inscr\u00edbelo. Vuelve la Copa. La&nbsp;Vicerrector\u00eda de [&hellip;]<\/p>\n","protected":false},"author":0,"featured_media":60137,"comment_status":"closed","ping_status":"closed","sticky":false,"template":"","format":"standard","meta":{"footnotes":""},"categories":[3],"tags":[],"class_list":["post-2951","post","type-post","status-publish","format-standard","has-post-thumbnail","hentry","category-noticias"],"_links":{"self":[{"href":"https:\/\/vicerrectorias.utp.edu.co\/responsabilidad-social\/wp-json\/wp\/v2\/posts\/2951","targetHints":{"allow":["GET"]}}],"collection":[{"href":"https:\/\/vicerrectorias.utp.edu.co\/responsabilidad-social\/wp-json\/wp\/v2\/posts"}],"about":[{"href":"https:\/\/vicerrectorias.utp.edu.co\/responsabilidad-social\/wp-json\/wp\/v2\/types\/post"}],"replies":[{"embeddable":true,"href":"https:\/\/vicerrectorias.utp.edu.co\/responsabilidad-social\/wp-json\/wp\/v2\/comments?post=2951"}],"version-history":[{"count":1,"href":"https:\/\/vicerrectorias.utp.edu.co\/responsabilidad-social\/wp-json\/wp\/v2\/posts\/2951\/revisions"}],"predecessor-version":[{"id":9339,"href":"https:\/\/vicerrectorias.utp.edu.co\/responsabilidad-social\/wp-json\/wp\/v2\/posts\/2951\/revisions\/9339"}],"wp:featuredmedia":[{"embeddable":true,"href":"https:\/\/vicerrectorias.utp.edu.co\/responsabilidad-social\/wp-json\/wp\/v2\/media\/60137"}],"wp:attachment":[{"href":"https:\/\/vicerrectorias.utp.edu.co\/responsabilidad-social\/wp-json\/wp\/v2\/media?parent=2951"}],"wp:term":[{"taxonomy":"category","embeddable":true,"href":"https:\/\/vicerrectorias.utp.edu.co\/responsabilidad-social\/wp-json\/wp\/v2\/categories?post=2951"},{"taxonomy":"post_tag","embeddable":true,"href":"https:\/\/vicerrectorias.utp.edu.co\/responsabilidad-social\/wp-json\/wp\/v2\/tags?post=2951"}],"curies":[{"name":"wp","href":"https:\/\/api.w.org\/{rel}","templated":true}]}}